{"id":1052,"date":"2014-08-30T05:35:57","date_gmt":"2014-08-30T05:35:57","guid":{"rendered":"http:\/\/warto.pageblogi.pl\/?p=1052"},"modified":"2014-08-30T05:35:57","modified_gmt":"2014-08-30T05:35:57","slug":"kup-w-optymalnej-cenie-podreczniki","status":"publish","type":"post","link":"http:\/\/warto.pageblogi.pl\/?p=1052","title":{"rendered":"Kup w optymalnej cenie podr\u0119czniki"},"content":{"rendered":"<p>W ka\u017cdej rodzinie przyjdzie w ko\u0144cu taki czas, \u017ce dziecko podro\u015bnie i powinno si\u0119 w przysz\u0142o\u015bci pos\u0142a\u0107 je do szko\u0142y. Dla rodzic\u00f3w w ka\u017cdej chwili wydaje si\u0119 to za wcze\u015bnie poniewa\u017c w ich odczuciu ich pociechy nie s\u0105 na to gotowe. Natomiast dzieciaki posiadaj\u0105 na ten zagadnienie nieco odmienne zdanie. Ciesz\u0105 si\u0119 z faktu, \u017ce b\u0119d\u0105 mog\u0142y uzyska\u0107 nowe<strong> podr\u0119czniki szkolne<\/strong> i m\u00f3c si\u0119 z nich uczy\u0107.  <!--more-->  Prawie ka\u017cde dziecko ma w\u00f3wczas wra\u017cenie, \u017ce ju\u017c jest du\u017ce poniewa\u017c mo\u017ce i\u015b\u0107 do szko\u0142y i nosi\u0107 w tornistrze <strong>podr\u0119czniki szkolne<\/strong>. Niekiedy zdarza si\u0119, ze ten plecak z ksi\u0105\u017ckami jest tak ci\u0119\u017cki, \u017ce przewa\u017ca to chude i ma\u0142e dziecko. Jednak pomimo tego wszystkiego id\u0105 do szko\u0142y i tym ci\u0119\u017ckim tornistrem z podniesionym czo\u0142em. Gdy rodzice kupi\u0105 mu <strong>podreczniki szkolne<\/strong> to chwal\u0105 si\u0119 nimi Tobie dooko\u0142a i pokazuj\u0105 jakie to one s\u0105 fajne. Szkoda, \u017ce nie wiedz\u0105 ile pieni\u0105\u017ck\u00f3w kosztowa\u0142y te \u0142adne i kolorowe ksi\u0105\u017cki. Mali uczniowie na starcie nie maj\u0105 zadawanych zada\u0144 domowych tylko ucz\u0105 si\u0119 w szkole czyta\u0107, pisa\u0107 i takich \u0142atwych i zasadniczych umiej\u0119tno\u015bci. \u0106wicz\u0105 zdolno\u015bci manualne, plastyczne , a opr\u00f3cz tego muzyczne przez co mog\u0105 rozwija\u0107 w\u0142asne zainteresowania i pasje. R\u00f3wnie\u017c koordynacja ruchowa jest tutaj \u0107wiczona na lekcjach wychowania fizycznego do , kt\u00f3rego nie s\u0105 potrzebne <strong>podreczniki<\/strong> <strong>szkolne<\/strong>. Jest to chyba jeden z przedmiot\u00f3w do kt\u00f3rego nie ma ksi\u0105\u017cki. Chocia\u017c ma\u0142e pocieszenie dla rodzic\u00f3w, kt\u00f3rzy maj\u0105 jeden wydatek mniej lecz w zamian za to wymagany jest str\u00f3j sportowy do \u0107wicze\u0144. Ju\u017c nie wiadomo co bardziej si\u0119 op\u0142aca bo rzeczy i buty te\u017c do tanich nie nale\u017c\u0105.<\/p>\n<p>Dodatkowe informacje: <a href=\"http:\/\/www.dotornistra.pl\">http:\/\/www.dotornistra.pl<\/a>.<\/p>\n","protected":false},"excerpt":{"rendered":"<p>W ka\u017cdej rodzinie przyjdzie w ko\u0144cu taki czas, \u017ce dziecko podro\u015bnie i powinno si\u0119 w przysz\u0142o\u015bci pos\u0142a\u0107 je do szko\u0142y. Dla rodzic\u00f3w w ka\u017cdej chwili wydaje si\u0119 to za wcze\u015bnie poniewa\u017c w ich odczuciu ich pociechy nie s\u0105 na to gotowe. Natomiast dzieciaki posiadaj\u0105 na ten zagadnienie nieco odmienne zdanie. Ciesz\u0105 si\u0119 z faktu, \u017ce &#8230; <span class=\"more\"><a class=\"more-link\" href=\"http:\/\/warto.pageblogi.pl\/?p=1052\">[Read more&#8230;]<\/a><\/span><\/p>\n","protected":false},"author":1,"featured_media":0,"comment_status":"closed","ping_status":"closed","sticky":false,"template":"","format":"standard","meta":[],"categories":[1],"tags":[],"_links":{"self":[{"href":"http:\/\/warto.pageblogi.pl\/index.php?rest_route=\/wp\/v2\/posts\/1052"}],"collection":[{"href":"http:\/\/warto.pageblogi.pl\/index.php?rest_route=\/wp\/v2\/posts"}],"about":[{"href":"http:\/\/warto.pageblogi.pl\/index.php?rest_route=\/wp\/v2\/types\/post"}],"author":[{"embeddable":true,"href":"http:\/\/warto.pageblogi.pl\/index.php?rest_route=\/wp\/v2\/users\/1"}],"replies":[{"embeddable":true,"href":"http:\/\/warto.pageblogi.pl\/index.php?rest_route=%2Fwp%2Fv2%2Fcomments&post=1052"}],"version-history":[{"count":1,"href":"http:\/\/warto.pageblogi.pl\/index.php?rest_route=\/wp\/v2\/posts\/1052\/revisions"}],"predecessor-version":[{"id":1053,"href":"http:\/\/warto.pageblogi.pl\/index.php?rest_route=\/wp\/v2\/posts\/1052\/revisions\/1053"}],"wp:attachment":[{"href":"http:\/\/warto.pageblogi.pl\/index.php?rest_route=%2Fwp%2Fv2%2Fmedia&parent=1052"}],"wp:term":[{"taxonomy":"category","embeddable":true,"href":"http:\/\/warto.pageblogi.pl\/index.php?rest_route=%2Fwp%2Fv2%2Fcategories&post=1052"},{"taxonomy":"post_tag","embeddable":true,"href":"http:\/\/warto.pageblogi.pl\/index.php?rest_route=%2Fwp%2Fv2%2Ftags&post=1052"}],"curies":[{"name":"wp","href":"https:\/\/api.w.org\/{rel}","templated":true}]}}