{"id":1092,"date":"2014-09-10T11:38:05","date_gmt":"2014-09-10T11:38:05","guid":{"rendered":"http:\/\/warto.pageblogi.pl\/?p=1092"},"modified":"2014-09-10T11:38:05","modified_gmt":"2014-09-10T11:38:05","slug":"fotograf-na-wesele-artystyczna-fotografia-slubna-lodz","status":"publish","type":"post","link":"http:\/\/warto.pageblogi.pl\/?p=1092","title":{"rendered":"Fotograf na wesele &#8211; artystyczna fotografia \u015blubna \u0142\u00f3d\u017a"},"content":{"rendered":"<p>Wybieraj\u0105c kogo\u015b takiego w jaki spos\u00f3b <strong>fotograf wesele \u0142\u00f3d\u017a<\/strong> nale\u017cy pami\u0119ta\u0107, \u017ce ilustracje, kt\u00f3re zrobi ta osoba, zostan\u0105 z nami na pe\u0142ne \u017cycie. B\u0119d\u0105 pami\u0105tk\u0105 nie tylko dla nas i najbli\u017cszej rodziny, ale te\u017c dla naszych potomk\u00f3w. Dlatego tak\u017ce ka\u017cdemu z nas zale\u017cy na w jaki spos\u00f3b  owych zdj\u0119\u0107, poniewa\u017c oczekujemy, \u017ceby w tym dniu absolutnie wszystko by\u0142o doskona\u0142e. <!--more--> W ogromnej liczbie przypadk\u00f3w nie pragniemy zatrudnia\u0107 specjalisty, poniewa\u017c my\u015blimy, \u017ce kto\u015b z rodziny spisze si\u0119 r\u00f3wnie dobrze, robi\u0105c obrazki, a przy okazji zaoszcz\u0119dzimy pieni\u0119dzy. Poza tym cz\u0119sto niech\u0119tnie podchodzimy do my\u015bli zaproszenia kogo\u015b obcego na sw\u00f3j w\u0142asny \u015blub. Pomy\u015blmy jednak o tym, \u017ce podczas uroczysto\u015bci nie prawie ka\u017cdy b\u0119dzie mia\u0142 ochot\u0119 biega\u0107 z aparatem i ci\u0119\u017ckim sprz\u0119tem. W ko\u0144cu \u015blub jest od tego, \u017ceby celebrowa\u0107 szcz\u0119\u015bcie m\u0142odej pary. Poza tym <strong>fotograf na \u015blub \u0142\u00f3d\u017a<\/strong> wykona nam zdj\u0119cia zar\u00f3wno w cyfrowej formie w jaki spos\u00f3b i w formie odbitek, fachowo wyretuszowanych i z podkr\u0119conymi kolorami. Inn\u0105 kwesti\u0105 jest rezerwacja fotografa. Wprawdzie nie trzeba go zamawia\u0107 na rok przed uroczysto\u015bci\u0105, ale optymalne by\u0142oby zam\u00f3wienie profesjonalisty mniej wi\u0119cej kilku miesi\u0119cy przed dat\u0105 \u015blubu. Z ca\u0142\u0105 pewno\u015bci\u0105, zale\u017cy to od stopnia profesjonalno\u015bci wybranego przez moj\u0105 firm\u0119 fotografa. Polecam poszuka\u0107 fotografa w\u015br\u00f3d znajomych. Bior\u0105c kogo\u015b, o czyjej pracy wiemy nieco wi\u0119cej, b\u0119dziemy spokojniejsi i mo\u017cemy unikn\u0105\u0107 wpadki. Wybieraj\u0105c fotografa powinno si\u0119 pami\u0119ta\u0107, i\u017c w\u0142a\u015bciwie ka\u017cdy paraj\u0105cy si\u0119 tym zawodem profesjonalista powinien posiada\u0107 portfolio, w kt\u00f3rym ulokowana jest mi\u0119dzy innymi jego <strong>artystyczna fotografia \u015blubna \u0142\u00f3d\u017a<\/strong>, do kt\u00f3rej my, jako ewentualny klient powiniene\u015b posiada\u0107 wgl\u0105d.<\/p>\n<p>Zobacz: <a href=\"http:\/\/kostkastudio.pl\/\">fotograf na \u015blub \u0142\u00f3d\u017a<\/a>.<\/p>\n","protected":false},"excerpt":{"rendered":"<p>Wybieraj\u0105c kogo\u015b takiego w jaki spos\u00f3b fotograf wesele \u0142\u00f3d\u017a nale\u017cy pami\u0119ta\u0107, \u017ce ilustracje, kt\u00f3re zrobi ta osoba, zostan\u0105 z nami na pe\u0142ne \u017cycie. B\u0119d\u0105 pami\u0105tk\u0105 nie tylko dla nas i najbli\u017cszej rodziny, ale te\u017c dla naszych potomk\u00f3w. Dlatego tak\u017ce ka\u017cdemu z nas zale\u017cy na w jaki spos\u00f3b owych zdj\u0119\u0107, poniewa\u017c oczekujemy, \u017ceby w tym dniu &#8230; <span class=\"more\"><a class=\"more-link\" href=\"http:\/\/warto.pageblogi.pl\/?p=1092\">[Read more&#8230;]<\/a><\/span><\/p>\n","protected":false},"author":1,"featured_media":0,"comment_status":"closed","ping_status":"closed","sticky":false,"template":"","format":"standard","meta":[],"categories":[1],"tags":[],"_links":{"self":[{"href":"http:\/\/warto.pageblogi.pl\/index.php?rest_route=\/wp\/v2\/posts\/1092"}],"collection":[{"href":"http:\/\/warto.pageblogi.pl\/index.php?rest_route=\/wp\/v2\/posts"}],"about":[{"href":"http:\/\/warto.pageblogi.pl\/index.php?rest_route=\/wp\/v2\/types\/post"}],"author":[{"embeddable":true,"href":"http:\/\/warto.pageblogi.pl\/index.php?rest_route=\/wp\/v2\/users\/1"}],"replies":[{"embeddable":true,"href":"http:\/\/warto.pageblogi.pl\/index.php?rest_route=%2Fwp%2Fv2%2Fcomments&post=1092"}],"version-history":[{"count":1,"href":"http:\/\/warto.pageblogi.pl\/index.php?rest_route=\/wp\/v2\/posts\/1092\/revisions"}],"predecessor-version":[{"id":1093,"href":"http:\/\/warto.pageblogi.pl\/index.php?rest_route=\/wp\/v2\/posts\/1092\/revisions\/1093"}],"wp:attachment":[{"href":"http:\/\/warto.pageblogi.pl\/index.php?rest_route=%2Fwp%2Fv2%2Fmedia&parent=1092"}],"wp:term":[{"taxonomy":"category","embeddable":true,"href":"http:\/\/warto.pageblogi.pl\/index.php?rest_route=%2Fwp%2Fv2%2Fcategories&post=1092"},{"taxonomy":"post_tag","embeddable":true,"href":"http:\/\/warto.pageblogi.pl\/index.php?rest_route=%2Fwp%2Fv2%2Ftags&post=1092"}],"curies":[{"name":"wp","href":"https:\/\/api.w.org\/{rel}","templated":true}]}}