{"id":1184,"date":"2014-11-07T09:57:14","date_gmt":"2014-11-07T09:57:14","guid":{"rendered":"http:\/\/warto.pageblogi.pl\/?p=1184"},"modified":"2014-11-07T09:57:14","modified_gmt":"2014-11-07T09:57:14","slug":"nocleg-na-wyjazd-w-gory","status":"publish","type":"post","link":"http:\/\/warto.pageblogi.pl\/?p=1184","title":{"rendered":"Nocleg na wyjazd w g\u00f3ry"},"content":{"rendered":"<p>W naszym kraju jest w tej chwili zima, indywidualnie nie przepadam za t\u0105 por\u0105 roku, wiem jedna, \u017ce du\u017co os\u00f3b j\u0105 bezpo\u015brednio kocha. Ja te\u017c pomimo wszystko uwielbiam niekt\u00f3re zabawy, rozrywki sezonowe kt\u00f3re w raz z tym czasami s\u0105 dla nas dost\u0119pne. Najbardziej uwielbiam narty, polskie g\u00f3ry s\u0105 o tej porze roku \u015bliczne i niebezpieczne, nie przeszkadza to natomiast w beztroskich zabawach na stoku. Jedyny problem jest ze znalezieniem w tym czasie pokoju. Noclegi s\u0105 do\u015b\u0107 drogie a wspania\u0142a kwatera prywatna jest ju\u017c czym\u015b rzadkim. Je\u017celi kto\u015b nale\u017cycie przedtem nie zadba\u0142 o miejsce w hotelu, mo\u017ce obecnie mie\u0107 trudno\u015bci ze znalezieniem wolnego miejsca. Niekt\u00f3re o\u015brodki narciarskie w jaki spos\u00f3b na przyk\u0142ad.. Sosz\u00f3w s\u0105 w stanie zaoferowa\u0107 nocleg niemniej jednak w tym okresie jest to ju\u017c do\u015b\u0107 nie\u0142atwe. Dla tego przed wyjazdem na zaplanowany urlop, nale\u017cy z ca\u0142\u0105 pewno\u015bci\u0105 jest wzi\u0105\u0107 jako pierwsze pod uwag\u0119 miejsce noclegowe, ze stuprocentow\u0105 pewno\u015bci\u0105 nale\u017cy jest si\u0119 tym zainteresowa\u0107 poprzednio ni\u017c rezygnowa\u0107 ze indywidualnych intencji. Pomimo wszystko narciarstwo jest coraz bardziej rozbudowywanym w naszym kraju sportem i co roku w tatrach zjawia si\u0119 coraz wi\u0119cej turyst\u00f3w. Dla tego zach\u0119cam i was do tego aby spr\u00f3bowa\u0107 prywatnych si\u0142 na nartach czy potocznie zwanej desce, a z ca\u0142kowit\u0105 czyli stu procentow\u0105 pewno\u015bci\u0105 nie b\u0119dziecie \u017ca\u0142owa\u0107.<\/p>\n","protected":false},"excerpt":{"rendered":"<p>W naszym kraju jest w tej chwili zima, indywidualnie nie przepadam za t\u0105 por\u0105 roku, wiem jedna, \u017ce du\u017co os\u00f3b j\u0105 bezpo\u015brednio kocha. Ja te\u017c pomimo wszystko uwielbiam niekt\u00f3re zabawy, rozrywki sezonowe kt\u00f3re w raz z tym czasami s\u0105 dla nas dost\u0119pne. Najbardziej uwielbiam narty, polskie g\u00f3ry s\u0105 o tej porze roku \u015bliczne i niebezpieczne, &#8230; <span class=\"more\"><a class=\"more-link\" href=\"http:\/\/warto.pageblogi.pl\/?p=1184\">[Read more&#8230;]<\/a><\/span><\/p>\n","protected":false},"author":1,"featured_media":0,"comment_status":"closed","ping_status":"closed","sticky":false,"template":"","format":"standard","meta":[],"categories":[1],"tags":[],"_links":{"self":[{"href":"http:\/\/warto.pageblogi.pl\/index.php?rest_route=\/wp\/v2\/posts\/1184"}],"collection":[{"href":"http:\/\/warto.pageblogi.pl\/index.php?rest_route=\/wp\/v2\/posts"}],"about":[{"href":"http:\/\/warto.pageblogi.pl\/index.php?rest_route=\/wp\/v2\/types\/post"}],"author":[{"embeddable":true,"href":"http:\/\/warto.pageblogi.pl\/index.php?rest_route=\/wp\/v2\/users\/1"}],"replies":[{"embeddable":true,"href":"http:\/\/warto.pageblogi.pl\/index.php?rest_route=%2Fwp%2Fv2%2Fcomments&post=1184"}],"version-history":[{"count":1,"href":"http:\/\/warto.pageblogi.pl\/index.php?rest_route=\/wp\/v2\/posts\/1184\/revisions"}],"predecessor-version":[{"id":1185,"href":"http:\/\/warto.pageblogi.pl\/index.php?rest_route=\/wp\/v2\/posts\/1184\/revisions\/1185"}],"wp:attachment":[{"href":"http:\/\/warto.pageblogi.pl\/index.php?rest_route=%2Fwp%2Fv2%2Fmedia&parent=1184"}],"wp:term":[{"taxonomy":"category","embeddable":true,"href":"http:\/\/warto.pageblogi.pl\/index.php?rest_route=%2Fwp%2Fv2%2Fcategories&post=1184"},{"taxonomy":"post_tag","embeddable":true,"href":"http:\/\/warto.pageblogi.pl\/index.php?rest_route=%2Fwp%2Fv2%2Ftags&post=1184"}],"curies":[{"name":"wp","href":"https:\/\/api.w.org\/{rel}","templated":true}]}}