{"id":1204,"date":"2014-11-19T16:05:20","date_gmt":"2014-11-19T16:05:20","guid":{"rendered":"http:\/\/warto.pageblogi.pl\/?p=1204"},"modified":"2014-12-04T21:37:49","modified_gmt":"2014-12-04T21:37:49","slug":"lowkolorowy-swiat-artykulow-biurowychartykuly-biurowe-kolekcja-leitz","status":"publish","type":"post","link":"http:\/\/warto.pageblogi.pl\/?p=1204","title":{"rendered":"Artyku\u0142y biurowe"},"content":{"rendered":"<p>Kolekcja Esselte to flagowa marka firmy o tej samej nazwie, wywodz\u0105cej si\u0119 ze Szwecji i dostarczaj\u0105cej do 144 kraj\u00f3w artyku\u0142y biurowe. Jej ponad stuletnie do\u015bwiadczenie w bran\u017cy, a tak\u017ce nieustanne nak\u0142ady na rozw\u00f3j oraz dodatkowo stosowanie innowacyjnych technologii zaowocowa\u0142y niezwyk\u0142\u0105 popularno\u015bci\u0105 towar\u00f3w oznaczonych markami tej firmy. <!--more--> Klienci indywidualni oraz firmy idealnie znaj\u0105 kolorowe i odznaczaj\u0105ce si\u0119 wyj\u0105tkow\u0105 trwa\u0142o\u015bci\u0105 kolekcje segregator\u00f3w na dokumenty. Najwa\u017cniejsza zbi\u00f3r firmy oferuje liczne rozwi\u0105zania s\u0142u\u017c\u0105ce do efektywnej archiwizacji wszelkiej dokumentacji czyli na przyk\u0142ad. pojemniki na korespondencj\u0119, szafki, p\u00f3\u0142ki i przegr\u00f3dki do dokument\u00f3w, pud\u0142a archiwizacyjne, a r\u00f3wnie\u017c teczki i koszulki. Nie mo\u017cna pomin\u0105\u0107 bogatej oferty galanterii biurowej, kt\u00f3ra zawiera wszystkie niezb\u0119dne rzeczy jakie powinny znale\u017a\u0107 si\u0119 w ka\u017cdym biurze. Dla przyk\u0142adu mo\u017cna tu wymieni\u0107 chocia\u017cby bloczki karteczek samoprzylepnych, kleje, no\u017cyczki, czy spinacze. Na stronie internetowej kolekcji mo\u017cna r\u00f3wnie\u017c znale\u017a\u0107 praktyczn\u0105 aplikacje on-line EasyPrint umo\u017cliwiaj\u0105c\u0105 na zaprojektowanie i wydruk etykiet do segregator\u00f3w. Z kolei kolekcja Leitz to produkty biurowe o profesjonaln\u0105 oraz nowoczesnym designie. Ich perfekcyjne wykonanie z dba\u0142o\u015bci\u0105 o elementy zadowoli ka\u017cdej osoby. Kolekcja zawiera te\u017c id\u0105ce z duchem czas\u00f3w akcesoria do urz\u0105dze\u0144 mobilnych, a tak\u017ce automatyczny i niewyobra\u017calnie por\u0119czny laminator, kt\u00f3ry swoim designem spe\u0142nia wymogi wsp\u00f3\u0142czesno\u015bci. Dbaj\u0105c o wyposa\u017cenie w\u0142asnego biura nale\u017cy zapozna\u0107 si\u0119 z nieprawdopodobnie bogat\u0105 ofert\u0105 firmy, kt\u00f3rej produkty nie zawiod\u0105 nikogo.<br \/>\nSprawd\u017a: <a href=\"http:\/\/kolekcjebiurowe24.pl\/\">Kolekcja Leitz<\/a>.<\/p>\n","protected":false},"excerpt":{"rendered":"<p>Kolekcja Esselte to flagowa marka firmy o tej samej nazwie, wywodz\u0105cej si\u0119 ze Szwecji i dostarczaj\u0105cej do 144 kraj\u00f3w artyku\u0142y biurowe. Jej ponad stuletnie do\u015bwiadczenie w bran\u017cy, a tak\u017ce nieustanne nak\u0142ady na rozw\u00f3j oraz dodatkowo stosowanie innowacyjnych technologii zaowocowa\u0142y niezwyk\u0142\u0105 popularno\u015bci\u0105 towar\u00f3w oznaczonych markami tej firmy.<\/p>\n","protected":false},"author":1,"featured_media":0,"comment_status":"closed","ping_status":"closed","sticky":false,"template":"","format":"standard","meta":[],"categories":[1],"tags":[],"_links":{"self":[{"href":"http:\/\/warto.pageblogi.pl\/index.php?rest_route=\/wp\/v2\/posts\/1204"}],"collection":[{"href":"http:\/\/warto.pageblogi.pl\/index.php?rest_route=\/wp\/v2\/posts"}],"about":[{"href":"http:\/\/warto.pageblogi.pl\/index.php?rest_route=\/wp\/v2\/types\/post"}],"author":[{"embeddable":true,"href":"http:\/\/warto.pageblogi.pl\/index.php?rest_route=\/wp\/v2\/users\/1"}],"replies":[{"embeddable":true,"href":"http:\/\/warto.pageblogi.pl\/index.php?rest_route=%2Fwp%2Fv2%2Fcomments&post=1204"}],"version-history":[{"count":2,"href":"http:\/\/warto.pageblogi.pl\/index.php?rest_route=\/wp\/v2\/posts\/1204\/revisions"}],"predecessor-version":[{"id":1274,"href":"http:\/\/warto.pageblogi.pl\/index.php?rest_route=\/wp\/v2\/posts\/1204\/revisions\/1274"}],"wp:attachment":[{"href":"http:\/\/warto.pageblogi.pl\/index.php?rest_route=%2Fwp%2Fv2%2Fmedia&parent=1204"}],"wp:term":[{"taxonomy":"category","embeddable":true,"href":"http:\/\/warto.pageblogi.pl\/index.php?rest_route=%2Fwp%2Fv2%2Fcategories&post=1204"},{"taxonomy":"post_tag","embeddable":true,"href":"http:\/\/warto.pageblogi.pl\/index.php?rest_route=%2Fwp%2Fv2%2Ftags&post=1204"}],"curies":[{"name":"wp","href":"https:\/\/api.w.org\/{rel}","templated":true}]}}