{"id":1379,"date":"2015-05-24T12:58:34","date_gmt":"2015-05-24T12:58:34","guid":{"rendered":"http:\/\/warto.pageblogi.pl\/?p=1379"},"modified":"2015-05-24T12:58:34","modified_gmt":"2015-05-24T12:58:34","slug":"rola-personal-shoppera","status":"publish","type":"post","link":"http:\/\/warto.pageblogi.pl\/?p=1379","title":{"rendered":"Rola personal shoppera"},"content":{"rendered":"<p>Interesuj\u0105c\u0105 rzecz\u0105 jest fakt, \u017ce odzie\u017c m\u0119ska stanowi a\u017c 1\/3 wszystkich ubra\u0144 sprzedaj\u0105cych si\u0119 na ca\u0142ym \u015bwiecie. Dlatego rynek zbytu jest wielki. St\u0105d tak\u017ce, projektanci globalnie zajmuj\u0105 si\u0119 co roku przygotowywaniem nowej kolekcji, przeznaczonej jedynie dla facet\u00f3w. Mo\u017cemy wyr\u00f3\u017cni\u0107 dwa typy kolekcji: wiosna\/lato oraz dodatkowo jesie\u0144\/zima. Wydawa\u0107 a\u017ceby si\u0119 mog\u0142o, \u017ce m\u0119\u017cczy\u017ani ubieraj\u0105 si\u0119 w dok\u0142adnie taki sam spos\u00f3b. <!--more--> Jednak bardziej wnikliwi obserwatorzy zauwa\u017c\u0105, \u017ce w tym typie odzie\u017cy wyst\u0119puj\u0105 coraz cz\u0119sto ciekawe i r\u00f3\u017cnorodne trendy. Dlatego stylistka perfekcyjnie pomo\u017ce panom wybra\u0107 sw\u00f3j w\u0142asny indywidualny styl. Wsp\u00f3\u0142cze\u015bnie bran\u017ca ubra\u0144 dla facet\u00f3w rozwija si\u0119 w bardzo dynamiczny spos\u00f3b. Znajdziemy tutaj doskona\u0142e tkaniny oraz wzory. Zakupy ze stylistk\u0105 sprawi\u0105, \u017ce prawie ka\u017cdy m\u0119\u017cczyzna znajdzie co\u015b, w czym \u015bwietnie si\u0119 poczuje. Projektanci odzie\u017cy m\u0119skiej coraz cz\u0119sto tworz\u0105 r\u00f3wnie\u017c ekstrawaganckie stroje. Dlatego dos\u0142ownie m\u0119\u017cczy\u017ani, kt\u00f3rzy s\u0105 indywidualistami i preferuj\u0105 wyr\u00f3\u017cnia\u0107 si\u0119 z t\u0142umu, z \u0142atwo\u015bci\u0105 wyszukaj\u0105 w sklepie co\u015b idealnego dla siebie. W\u0142a\u015bnie m\u0119\u017cczy\u017ani zwracaj\u0105 coraz bardziej uwag\u0119 na sw\u00f3j wygl\u0105d. M\u0119\u017cczy\u017ani s\u0105 w tera\u017aniejszych czasach coraz w bardzo wielu sytuacjach ubrani gustownie, nale\u017cycie i modnie. Maj\u0105 r\u00f3wnie\u017c kilka markowych rzeczy. Personal shopper pomo\u017ce ka\u017cdemu m\u0119\u017cczy\u017anie wybra\u0107 idealny fason, kolor , a opr\u00f3cz tego rozmiar. Niestety do dzisiaj wielu facet\u00f3w nie lubi robi\u0107 zakup\u00f3w. Garderoba m\u0119ska przeznaczona jest na r\u00f3\u017cne okazje. Dlatego mo\u017ce mie\u0107 ona r\u00f3\u017cny charakter. Do najlepiej popularnego nale\u017cy: na imprez\u0119, codziennymi, do pracy, sportowy , a ponadto elegancki. St\u0105d r\u00f3wnie\u017c wiadomo, \u017ce w\u0142a\u015bciwie ka\u017cdy m\u0119\u017cczyzny znajdzie w sklepie co\u015b wyj\u0105tkowego dla siebie. Dzi\u0119ki oryginalnemu po\u0142\u0105czeniu r\u00f3\u017cnorakich element\u00f3w m\u0119skiej garderoby stylista ma mo\u017cliwo\u015b\u0107 z \u0142atwo\u015bci\u0105 stworzy\u0107 pi\u0119kny , a dodatkowo indywidualny styl ubierania si\u0119.<\/p>\n<p>Wi\u0119cej: <a href=\"http:\/\/www.in-style.pl\">zakupy ze stylistk\u0105<\/a>.<\/p>\n","protected":false},"excerpt":{"rendered":"<p>Interesuj\u0105c\u0105 rzecz\u0105 jest fakt, \u017ce odzie\u017c m\u0119ska stanowi a\u017c 1\/3 wszystkich ubra\u0144 sprzedaj\u0105cych si\u0119 na ca\u0142ym \u015bwiecie. Dlatego rynek zbytu jest wielki. St\u0105d tak\u017ce, projektanci globalnie zajmuj\u0105 si\u0119 co roku przygotowywaniem nowej kolekcji, przeznaczonej jedynie dla facet\u00f3w. Mo\u017cemy wyr\u00f3\u017cni\u0107 dwa typy kolekcji: wiosna\/lato oraz dodatkowo jesie\u0144\/zima. Wydawa\u0107 a\u017ceby si\u0119 mog\u0142o, \u017ce m\u0119\u017cczy\u017ani ubieraj\u0105 si\u0119 w &#8230; <span class=\"more\"><a class=\"more-link\" href=\"http:\/\/warto.pageblogi.pl\/?p=1379\">[Read more&#8230;]<\/a><\/span><\/p>\n","protected":false},"author":1,"featured_media":0,"comment_status":"closed","ping_status":"closed","sticky":false,"template":"","format":"standard","meta":[],"categories":[1],"tags":[],"_links":{"self":[{"href":"http:\/\/warto.pageblogi.pl\/index.php?rest_route=\/wp\/v2\/posts\/1379"}],"collection":[{"href":"http:\/\/warto.pageblogi.pl\/index.php?rest_route=\/wp\/v2\/posts"}],"about":[{"href":"http:\/\/warto.pageblogi.pl\/index.php?rest_route=\/wp\/v2\/types\/post"}],"author":[{"embeddable":true,"href":"http:\/\/warto.pageblogi.pl\/index.php?rest_route=\/wp\/v2\/users\/1"}],"replies":[{"embeddable":true,"href":"http:\/\/warto.pageblogi.pl\/index.php?rest_route=%2Fwp%2Fv2%2Fcomments&post=1379"}],"version-history":[{"count":1,"href":"http:\/\/warto.pageblogi.pl\/index.php?rest_route=\/wp\/v2\/posts\/1379\/revisions"}],"predecessor-version":[{"id":1380,"href":"http:\/\/warto.pageblogi.pl\/index.php?rest_route=\/wp\/v2\/posts\/1379\/revisions\/1380"}],"wp:attachment":[{"href":"http:\/\/warto.pageblogi.pl\/index.php?rest_route=%2Fwp%2Fv2%2Fmedia&parent=1379"}],"wp:term":[{"taxonomy":"category","embeddable":true,"href":"http:\/\/warto.pageblogi.pl\/index.php?rest_route=%2Fwp%2Fv2%2Fcategories&post=1379"},{"taxonomy":"post_tag","embeddable":true,"href":"http:\/\/warto.pageblogi.pl\/index.php?rest_route=%2Fwp%2Fv2%2Ftags&post=1379"}],"curies":[{"name":"wp","href":"https:\/\/api.w.org\/{rel}","templated":true}]}}