{"id":13934,"date":"2025-12-13T04:41:05","date_gmt":"2025-12-13T04:41:05","guid":{"rendered":"http:\/\/warto.pageblogi.pl\/?p=13934"},"modified":"2025-12-13T04:41:05","modified_gmt":"2025-12-13T04:41:05","slug":"urzadzanie-lazienki","status":"publish","type":"post","link":"http:\/\/warto.pageblogi.pl\/?p=13934","title":{"rendered":"Urz\u0105dzanie \u0142azienki"},"content":{"rendered":"<p>Projektowanie przestrzeni u\u017cytkowej w domu wymaga uwzgl\u0119dnienia wielu czynnik\u00f3w, kt\u00f3re wp\u0142ywaj\u0105 na funkcjonalno\u015b\u0107 i komfort jej u\u017cytkowania. W przypadku \u0142azienki wa\u017cne s\u0105 zar\u00f3wno aspekty praktyczne, jak rozmieszczenie urz\u0105dze\u0144 sanitarnych, dost\u0119p do wody i dopasowana wentylacja, jak i kwestie estetyczne powi\u0105zane z kolorystyk\u0105, materia\u0142ami wyko\u0144czeniowymi oraz stylem wn\u0119trza. Aran\u017cacja \u0142azienki obejmuje planowanie uk\u0142adu pomieszczenia w taki spos\u00f3b, by umo\u017cliwi\u0107 swobodne u\u017cywanie z poszczeg\u00f3lnych element\u00f3w, a tak\u017ce uwzgl\u0119dnia mo\u017cliwo\u015b\u0107 przechowywania przedmiot\u00f3w normalnego u\u017cytku.<!--more--><\/p>\n<p>  W du\u017cej liczbie przypadk\u00f3w decyzje dotycz\u0105ce wyposa\u017cenia \u0142azienki s\u0105 uzale\u017cnione od dost\u0119pnej przestrzeni, preferencji u\u017cytkownik\u00f3w oraz funkcji, jakie maj\u0105 pe\u0142ni\u0107 poszczeg\u00f3lne elementy wn\u0119trza.<\/p>\n<p>Wyposa\u017cenie \u0142azienki obejmuje r\u00f3\u017cne urz\u0105dzenia i akcesoria, kt\u00f3re wspieraj\u0105 codzienne czynno\u015bci higieniczne a tak\u017ce porz\u0105dkuj\u0105 przestrze\u0144. Do podstawowego wyposa\u017cenia nale\u017c\u0105 elementy tj. wanna, kabina prysznicowa, umywalka i toaleta, niemniej jednak w praktyce pomieszczenie mo\u017ce by\u0107 uzupe\u0142nione o szafki, p\u00f3\u0142ki, wieszaki czy uchwyty, kt\u00f3re poprawiaj\u0105 ergonomi\u0119 i organizacj\u0119. Wyb\u00f3r mebli i akcesori\u00f3w \u0142azienkowych zale\u017cy od rodzaju materia\u0142\u00f3w, ich trwa\u0142o\u015bci, odporno\u015bci na wilgo\u0107 a tak\u017ce prostocie w utrzymaniu czysto\u015bci. R\u00f3\u017cnorodno\u015b\u0107 dost\u0119pnych rozwi\u0105za\u0144 umo\u017cliwia na dopasowanie wn\u0119trza do indywidualnych potrzeb, niezale\u017cnie od wielko\u015bci \u0142azienki czy stylu aran\u017cacyjnego.<\/p>\n<p>Aran\u017cacja \u0142azienki na prawd\u0119 bardzo cz\u0119sto uwzgl\u0119dnia tak\u017ce kwestie wizualne i stylistyczne, kt\u00f3re maj\u0105 wp\u0142yw na odbi\u00f3r przestrzeni. Zestaw barw, rodzaj p\u0142ytek, faktura materia\u0142\u00f3w a tak\u017ce elementy dekoracyjne mog\u0105 tworzy\u0107 sp\u00f3jny charakter wn\u0119trza, a tak\u017ce optycznie powi\u0119ksza\u0107 albo zmniejsza\u0107 przestrze\u0144 w wsp\u00f3\u0142zale\u017cno\u015bci od zastosowanych rozwi\u0105za\u0144. Istotne jest te\u017c odpowiednie o\u015bwietlenie, kt\u00f3re nie tylko i wy\u0142\u0105cznie pozwala wygodne u\u017cytkowanie z pomieszczenia, niemniej jednak te\u017c podkre\u015bla najmniejsze elementy aran\u017cacji i wp\u0142ywa na atmosfer\u0119 wn\u0119trza. W kontek\u015bcie planowania uk\u0142adu warto uwzgl\u0119dni\u0107 strefy funkcjonalne, takie jak miejsce do k\u0105pieli, przestrze\u0144 do przechowywania oraz stref\u0119 u\u017cytkow\u0105 umywalki i toalety.<\/p>\n<p>Meble i akcesoria \u0142azienkowe odgrywaj\u0105 wa\u017cn\u0105 rol\u0119 w organizacji przestrzeni i u\u0142atwiaj\u0105 utrzymanie porz\u0105dku w pomieszczeniu. Szafki podumywalkowe, rega\u0142y czy p\u00f3\u0142ki pozwalaj\u0105 na przechowywanie kosmetyk\u00f3w, r\u0119cznik\u00f3w i \u015brodk\u00f3w czysto\u015bci w spos\u00f3b dost\u0119pny i uporz\u0105dkowany, a dodatki tj. wieszaki, uchwyty czy kosze pomagaj\u0105 zoptymalizowa\u0107 codzienne wykorzystywanie z \u0142azienki. Wyb\u00f3r materia\u0142\u00f3w odpornych na wilgo\u0107, \u0142atwych w utrzymaniu czysto\u015bci i trwa\u0142ych jest istotny dla d\u0142ugotrwa\u0142ego u\u017cytkowania wyposa\u017cenia. W efekcie odpowiednie dobranie mebli i akcesori\u00f3w a tak\u017ce przemy\u015blana aran\u017cacja \u0142azienki wp\u0142ywa na funkcjonalno\u015b\u0107, komfort u\u017cytkowania oraz estetyk\u0119 ca\u0142ego wn\u0119trza.<br \/>\n<br \/>Polecamy: <a href=\"https:\/\/stylinghome.pl\/pl\/menu\/zestawy-mebli-lazienkowych-790.html\">zestaw mebli \u0142azienkowych z umywalk\u0105<\/a>.<\/p>\n","protected":false},"excerpt":{"rendered":"<p>Projektowanie przestrzeni u\u017cytkowej w domu wymaga uwzgl\u0119dnienia wielu czynnik\u00f3w, kt\u00f3re wp\u0142ywaj\u0105 na funkcjonalno\u015b\u0107 i komfort jej u\u017cytkowania. W przypadku \u0142azienki wa\u017cne s\u0105 zar\u00f3wno aspekty praktyczne, jak rozmieszczenie urz\u0105dze\u0144 sanitarnych, dost\u0119p do wody i dopasowana wentylacja, jak i kwestie estetyczne powi\u0105zane z kolorystyk\u0105, materia\u0142ami wyko\u0144czeniowymi oraz stylem wn\u0119trza. Aran\u017cacja \u0142azienki obejmuje planowanie uk\u0142adu pomieszczenia w taki &#8230; <span class=\"more\"><a class=\"more-link\" href=\"http:\/\/warto.pageblogi.pl\/?p=13934\">[Read more&#8230;]<\/a><\/span><\/p>\n","protected":false},"author":1,"featured_media":0,"comment_status":"closed","ping_status":"closed","sticky":false,"template":"","format":"standard","meta":[],"categories":[1],"tags":[],"_links":{"self":[{"href":"http:\/\/warto.pageblogi.pl\/index.php?rest_route=\/wp\/v2\/posts\/13934"}],"collection":[{"href":"http:\/\/warto.pageblogi.pl\/index.php?rest_route=\/wp\/v2\/posts"}],"about":[{"href":"http:\/\/warto.pageblogi.pl\/index.php?rest_route=\/wp\/v2\/types\/post"}],"author":[{"embeddable":true,"href":"http:\/\/warto.pageblogi.pl\/index.php?rest_route=\/wp\/v2\/users\/1"}],"replies":[{"embeddable":true,"href":"http:\/\/warto.pageblogi.pl\/index.php?rest_route=%2Fwp%2Fv2%2Fcomments&post=13934"}],"version-history":[{"count":1,"href":"http:\/\/warto.pageblogi.pl\/index.php?rest_route=\/wp\/v2\/posts\/13934\/revisions"}],"predecessor-version":[{"id":13935,"href":"http:\/\/warto.pageblogi.pl\/index.php?rest_route=\/wp\/v2\/posts\/13934\/revisions\/13935"}],"wp:attachment":[{"href":"http:\/\/warto.pageblogi.pl\/index.php?rest_route=%2Fwp%2Fv2%2Fmedia&parent=13934"}],"wp:term":[{"taxonomy":"category","embeddable":true,"href":"http:\/\/warto.pageblogi.pl\/index.php?rest_route=%2Fwp%2Fv2%2Fcategories&post=13934"},{"taxonomy":"post_tag","embeddable":true,"href":"http:\/\/warto.pageblogi.pl\/index.php?rest_route=%2Fwp%2Fv2%2Ftags&post=13934"}],"curies":[{"name":"wp","href":"https:\/\/api.w.org\/{rel}","templated":true}]}}