{"id":1697,"date":"2016-11-03T11:35:22","date_gmt":"2016-11-03T11:35:22","guid":{"rendered":"http:\/\/warto.pageblogi.pl\/?p=1697"},"modified":"2016-11-03T11:35:22","modified_gmt":"2016-11-03T11:35:22","slug":"praktyczne-szczoteczki-miedzyzebowe","status":"publish","type":"post","link":"http:\/\/warto.pageblogi.pl\/?p=1697","title":{"rendered":"Praktyczne szczoteczki mi\u0119dzyz\u0119bowe"},"content":{"rendered":"<p>Bia\u0142e z\u0119by i zdrowy u\u015bmiech to marzenie szczeg\u00f3lnie du\u017cej liczby os\u00f3b stawiaj\u0105cych na pierwszym miejscu w\u0142asne swoje samopoczucie. Nie posiada, co ukrywa\u0107, niemniej jednak sposobno\u015b\u0107 swobodnego \u015bmiechu bez potrzeby zakrywania chorych czy tez brzydko wygl\u0105daj\u0105cych z\u0119b\u00f3w jest bez w\u0105tpienia jednym z bardzo bardzo powa\u017cnych czynnik\u00f3w wp\u0142ywaj\u0105cych na zwi\u0119kszona gwarancj\u0119 siebie.<!--more--><\/p>\n<p>  Ze znakomitym skutkiem pomoc w tym zakresie zapewniaj\u0105 nam na pewno szczoteczki mi\u0119dzyz\u0119bowe. Na pewno sama szczoteczka to nie wszystko, bardzo wa\u017cnym kryterium wp\u0142ywaj\u0105cym na wygl\u0105d naszych z\u0119b\u00f3w jest wykorzystanie odpowiedniego rodzaju pasty. Tylko bardzo dobra i w\u0142a\u015bciwie dopasowana pasta wybielaj\u0105ca b\u0119dzie w stanie zagwarantowa\u0107 naszym z\u0119bom w\u0142a\u015bciwyodpowiedni efekt bieli, dzi\u0119ki kt\u00f3rej nasze samopoczucie na pewno si\u0119 poprawi. Warto o tym pami\u0119ta\u0107 i mie\u0107 to na swojej uwadze podczas wyszukiwania najlepszej pasty do z\u0119b\u00f3w, kt\u00f3ra b\u0119dzie w stanie zapewni\u0107 im jak najd\u0142u\u017csz\u0105 czyst\u0105 biel. Jedna z takich past, kt\u00f3ra na dzisiejszym rynku cieszy si\u0119 niesamowicie du\u017cym zainteresowaniem jest bez w\u0105tpienia pasta Curaprox. Producent tej pasty pomy\u015bla\u0142 o wielu bardzo istotnych dylematach i w zale\u017cno\u015bci od naszych typowo indywidualnych wymaga\u0144 i preferencji mo\u017cemy wybra\u0107 t\u0105, kt\u00f3ra b\u0119dzie nam najlepsza i spe\u0142ni nasze nadzieja. Do naszej dyspozycji jest mi\u0119dzy innymi pasta curaprox 5460 jak te\u017c du\u017co innego rodzaju gatunk\u00f3w pasty. Niew\u0105tpliwie opr\u00f3cz tego rodzaju pasty na rynku istnieje te\u017c szczeg\u00f3lnie du\u017ca cyfra innych past, kt\u00f3re w mniejszym lub wi\u0119kszym stopniu b\u0119d\u0105 w stanie spe\u0142ni\u0107 nasze nadzieja.<\/p>\n<p>Warto sprawdzi\u0107: <a href=\"https:\/\/shop.curaprox.pl\">pasta do z\u0119b\u00f3w<\/a>.<\/p>\n","protected":false},"excerpt":{"rendered":"<p>Bia\u0142e z\u0119by i zdrowy u\u015bmiech to marzenie szczeg\u00f3lnie du\u017cej liczby os\u00f3b stawiaj\u0105cych na pierwszym miejscu w\u0142asne swoje samopoczucie. Nie posiada, co ukrywa\u0107, niemniej jednak sposobno\u015b\u0107 swobodnego \u015bmiechu bez potrzeby zakrywania chorych czy tez brzydko wygl\u0105daj\u0105cych z\u0119b\u00f3w jest bez w\u0105tpienia jednym z bardzo bardzo powa\u017cnych czynnik\u00f3w wp\u0142ywaj\u0105cych na zwi\u0119kszona gwarancj\u0119 siebie.<\/p>\n","protected":false},"author":1,"featured_media":0,"comment_status":"closed","ping_status":"closed","sticky":false,"template":"","format":"standard","meta":[],"categories":[1],"tags":[],"_links":{"self":[{"href":"http:\/\/warto.pageblogi.pl\/index.php?rest_route=\/wp\/v2\/posts\/1697"}],"collection":[{"href":"http:\/\/warto.pageblogi.pl\/index.php?rest_route=\/wp\/v2\/posts"}],"about":[{"href":"http:\/\/warto.pageblogi.pl\/index.php?rest_route=\/wp\/v2\/types\/post"}],"author":[{"embeddable":true,"href":"http:\/\/warto.pageblogi.pl\/index.php?rest_route=\/wp\/v2\/users\/1"}],"replies":[{"embeddable":true,"href":"http:\/\/warto.pageblogi.pl\/index.php?rest_route=%2Fwp%2Fv2%2Fcomments&post=1697"}],"version-history":[{"count":1,"href":"http:\/\/warto.pageblogi.pl\/index.php?rest_route=\/wp\/v2\/posts\/1697\/revisions"}],"predecessor-version":[{"id":1698,"href":"http:\/\/warto.pageblogi.pl\/index.php?rest_route=\/wp\/v2\/posts\/1697\/revisions\/1698"}],"wp:attachment":[{"href":"http:\/\/warto.pageblogi.pl\/index.php?rest_route=%2Fwp%2Fv2%2Fmedia&parent=1697"}],"wp:term":[{"taxonomy":"category","embeddable":true,"href":"http:\/\/warto.pageblogi.pl\/index.php?rest_route=%2Fwp%2Fv2%2Fcategories&post=1697"},{"taxonomy":"post_tag","embeddable":true,"href":"http:\/\/warto.pageblogi.pl\/index.php?rest_route=%2Fwp%2Fv2%2Ftags&post=1697"}],"curies":[{"name":"wp","href":"https:\/\/api.w.org\/{rel}","templated":true}]}}