{"id":2266,"date":"2019-10-23T00:38:33","date_gmt":"2019-10-23T00:38:33","guid":{"rendered":"http:\/\/warto.pageblogi.pl\/?p=2266"},"modified":"2022-03-11T22:36:45","modified_gmt":"2022-03-11T22:36:45","slug":"bieszczady-i-solina-2","status":"publish","type":"post","link":"http:\/\/warto.pageblogi.pl\/?p=2266","title":{"rendered":"Bieszczady i Solina"},"content":{"rendered":"<p>Zapomnij si\u0119 i odpocznij patrz\u0105c na \u0142adne i malownicze widoki w g\u00f3rach. Poznaj z nami urokliwe Bieszczady. Noclegi, kt\u00f3re oferujemy spe\u0142ni\u0105 oczekiwania zar\u00f3wno podr\u00f3\u017cuj\u0105cej pary, jak i ca\u0142ej rodziny.<!--more--><\/p>\n<p>  Je\u017celi marzy Ci si\u0119 trekkingowa przygoda na \u0142onie natury, ze stuprocentow\u0105 pewno\u015bci\u0105 szlaki, kt\u00f3re oferuj\u0105 Bieszczady, domki zanurzone w le\u015bnej atmosferze a tak\u017ce niezapomniane widoki pozwol\u0105 cieszy\u0107 si\u0119 zar\u00f3wno niezbyt d\u0142ugim weekendem, jak i d\u0142ugim urlopem.Je\u015bli Bieszczady, to wy\u0142\u0105cznie w Solinie!W naszym regionie roi si\u0119 od licznych atrakcji, tak\u017ce dla fan\u00f3w poznawania nowych i pobudzaj\u0105cych ciekawo\u015b\u0107 miejsc. Pocz\u0105wszy od zapory nad Solin\u0105, samego jeziora, ko\u0144cz\u0105c na Muzeum Kultury Bojk\u00f3w. Nie zwlekaj i sprawd\u017a na swoje oczy, w jakie niespodzianki obfituje region Solina. Noclegi s\u0105 usytuowane zar\u00f3wno blisko szlak\u00f3w, jak i najwa\u017cniejszych miejsc relaksu. Spokojna okolica oraz czyste powietrze to tylko 2 spo\u015br\u00f3d obszernej listy zalet, jakich mo\u017cesz do\u015bwiadczy\u0107 w bieszczadzkich g\u00f3rach.Bieszczady dla poszukiwaczy przyg\u00f3dNic tak nie poprawi humoru, jak chwile relaksu sp\u0119dzone na \u0142onie natury. W\u0142a\u015bnie tutaj, w Bieszczadach, mo\u017cesz uciec od miejskiego zgie\u0142ku i rozpocz\u0105\u0107 przygod\u0119 z trekkingiem. Dla fan\u00f3w geocatchingu r\u00f3wnie\u017c znajd\u0105 si\u0119 miejsca godne uwagi. Ka\u017cdy du\u017cy i ma\u0142y \u0142owca mo\u017ce sprawdzi\u0107 si\u0119 w pi\u0119knym s\u0105siedztwie przyrody i zosta\u0107 realnym poszukiwaczem przyg\u00f3d. Je\u017celi dopisze szcz\u0119\u015bcie, na szlakach mo\u017cna napotka\u0107 niespotykane nigdzie indziej zwierz\u0119ta. Wyj\u0105tkowo\u015b\u0107 Bieszczad nie zna granic, a po udanej w\u0119dr\u00f3wce mo\u017cesz odpocz\u0105\u0107 w fantastycznym domku.<\/p>\n<p>\u0179r\u00f3d\u0142o: <a href=\"https:\/\/www.owbystre.pl\">Bieszczady domki<\/a>.<\/p>\n","protected":false},"excerpt":{"rendered":"<p>Zapomnij si\u0119 i odpocznij patrz\u0105c na \u0142adne i malownicze widoki w g\u00f3rach. Poznaj z nami urokliwe Bieszczady. Noclegi, kt\u00f3re oferujemy spe\u0142ni\u0105 oczekiwania zar\u00f3wno podr\u00f3\u017cuj\u0105cej pary, jak i ca\u0142ej rodziny.<\/p>\n","protected":false},"author":1,"featured_media":0,"comment_status":"closed","ping_status":"closed","sticky":false,"template":"","format":"standard","meta":[],"categories":[50],"tags":[],"_links":{"self":[{"href":"http:\/\/warto.pageblogi.pl\/index.php?rest_route=\/wp\/v2\/posts\/2266"}],"collection":[{"href":"http:\/\/warto.pageblogi.pl\/index.php?rest_route=\/wp\/v2\/posts"}],"about":[{"href":"http:\/\/warto.pageblogi.pl\/index.php?rest_route=\/wp\/v2\/types\/post"}],"author":[{"embeddable":true,"href":"http:\/\/warto.pageblogi.pl\/index.php?rest_route=\/wp\/v2\/users\/1"}],"replies":[{"embeddable":true,"href":"http:\/\/warto.pageblogi.pl\/index.php?rest_route=%2Fwp%2Fv2%2Fcomments&post=2266"}],"version-history":[{"count":1,"href":"http:\/\/warto.pageblogi.pl\/index.php?rest_route=\/wp\/v2\/posts\/2266\/revisions"}],"predecessor-version":[{"id":2267,"href":"http:\/\/warto.pageblogi.pl\/index.php?rest_route=\/wp\/v2\/posts\/2266\/revisions\/2267"}],"wp:attachment":[{"href":"http:\/\/warto.pageblogi.pl\/index.php?rest_route=%2Fwp%2Fv2%2Fmedia&parent=2266"}],"wp:term":[{"taxonomy":"category","embeddable":true,"href":"http:\/\/warto.pageblogi.pl\/index.php?rest_route=%2Fwp%2Fv2%2Fcategories&post=2266"},{"taxonomy":"post_tag","embeddable":true,"href":"http:\/\/warto.pageblogi.pl\/index.php?rest_route=%2Fwp%2Fv2%2Ftags&post=2266"}],"curies":[{"name":"wp","href":"https:\/\/api.w.org\/{rel}","templated":true}]}}