{"id":230,"date":"2012-12-31T18:26:58","date_gmt":"2012-12-31T17:26:58","guid":{"rendered":"http:\/\/najlepsza.promocjawbiznesie.pl\/?p=230"},"modified":"2012-12-31T18:26:58","modified_gmt":"2012-12-31T17:26:58","slug":"dobierz-odpowiednie-kosmetyki-dla-siebie-kolagen-kosmetyki","status":"publish","type":"post","link":"http:\/\/warto.pageblogi.pl\/?p=230","title":{"rendered":"Dobierz odpowiednie kosmetyki dla siebie &#8211; kolagen kosmetyki"},"content":{"rendered":"<p>Z wiekiem sk\u00f3ra cz\u0142owieka staje si\u0119 mniej j\u0119drna. Produkcja kolagenu maleje ju\u017c po trzydziestym roku \u017cycia. Trzeba liczy\u0107 si\u0119 z tym, \u017ce ju\u017c powinno rozpocz\u0105\u0107 si\u0119 stosowa\u0107 kosmetyki. Sk\u00f3ra cz\u0142owieka jest tak\u017ce inna. Kobiety i m\u0119\u017cczy\u017ani odr\u00f3\u017cniaj\u0105 si\u0119 mi\u0119dzy sob\u0105, dlatego u jednych szybciej a u innych wolniej si\u0119 starzeje. Od tego jak sk\u00f3ra b\u0119dzie wygl\u0105da\u0142a zale\u017cy to co jemy, czy korzysta si\u0119 z  u\u017cywek, uprawienie sportu, geny. Warto uprawia\u0107 sport, zdrowo si\u0119 od\u017cywia\u0107, je\u015b\u0107 bardzo du\u017co warzyw i owoc\u00f3w by m\u00f3c normalnie funkcjonowa\u0107. To najwa\u017cniejsze jest co b\u0119dzie si\u0119 jad\u0142o. Ka\u017cdy powinien dba\u0107 o siebie. Zar\u00f3wno od wewn\u0105trz jak r\u00f3wnie\u017c od zewn\u0105trz trzeba dba\u0107 o sk\u00f3r\u0119. Na zewn\u0105trz mo\u017cna wspomaga\u0107 j\u0105 r\u00f3\u017cnorodnymi kosmetykami. Dobrze jak b\u0119d\u0105 to <a href=\"http:\/\/www.ego-kosmetyki.pl\/\">sklep online kosmetyki<\/a> u os\u00f3b po trzydziestym roku \u017cycia. Kolagen odpowiada za to, by sk\u00f3ra by\u0142a j\u0119drna, spr\u0119\u017cysta i by nie by\u0142o na niej zmarszczki. Niekt\u00f3re kobiety za\u0142amane s\u0105 ka\u017cd\u0105 zmarszczk\u0105 na twarzy. Proces starzenia si\u0119 sk\u00f3ry mo\u017cna op\u00f3\u017ani\u0107, niemniej jednak on i tak nast\u0105pi. Nie ma co zatem walczy\u0107 do ko\u0144ca z natura, tylko trzeba wspomaga\u0107 si\u0119, aby nast\u0105pi\u0142o wszystko jak najp\u00f3\u017aniej. Zmarszczki na twarzy nie s\u0105 takie straszne. Wiadomo, \u017ce nie b\u0119dzie pi\u0119\u0107dziesi\u0119ciolatki bez ani jednak\u017ce zmarszczki, ale taka jest kolej rzeczy i nale\u017cy si\u0119 z tym liczy\u0107. Nie ma w tym nic z\u0142ego, a w pewnych przypadkach s\u0105 one dos\u0142ownie bardzo \u0142adne. W pierwszej kolejno\u015bci ukazuj\u0105 si\u0119 zmarszczki mimiczne. S\u0105 one naturalne, poniewa\u017c jak du\u017co pracuje si\u0119 buzi\u0105, \u015bmieje to one zaczynaj\u0105 si\u0119 generowa\u0107. Wielu jest jednak\u017ce z nimi do twarzy. Nie ma co prze\u017cywa\u0107 tak wszystkiego, wy\u0142\u0105cznie nale\u017cy si\u0119 cieszy\u0107, ze jest si\u0119 zdrowym. Uroda przemija niemniej jednak przyjemno\u015b\u0107, zadowolenie z \u017cycia, mi\u0142o\u015b\u0107 w ka\u017cdej sytuacji pozostaj\u0105. Op\u00f3\u017anianie powstawania niekt\u00f3rych proces\u00f3w naturalnymi sposobami te\u017c jest dobre. Nie na sta\u0142e, niemniej jednak je\u017celi b\u0119dzie si\u0119 stosowa\u0107 przedtem specjalne kremy, b\u0119dzie si\u0119 aktywnym to na staro\u015b\u0107 r\u00f3wnie\u017c b\u0119dzie si\u0119 wygl\u0105da\u0142o zupe\u0142nie inaczej.<\/p>\n","protected":false},"excerpt":{"rendered":"<p>Z wiekiem sk\u00f3ra cz\u0142owieka staje si\u0119 mniej j\u0119drna. Produkcja kolagenu maleje ju\u017c po trzydziestym roku \u017cycia. Trzeba liczy\u0107 si\u0119 z tym, \u017ce ju\u017c powinno rozpocz\u0105\u0107 si\u0119 stosowa\u0107 kosmetyki. Sk\u00f3ra cz\u0142owieka jest tak\u017ce inna. Kobiety i m\u0119\u017cczy\u017ani odr\u00f3\u017cniaj\u0105 si\u0119 mi\u0119dzy sob\u0105, dlatego u jednych szybciej a u innych wolniej si\u0119 starzeje. Od tego jak sk\u00f3ra b\u0119dzie &#8230; <span class=\"more\"><a class=\"more-link\" href=\"http:\/\/warto.pageblogi.pl\/?p=230\">[Read more&#8230;]<\/a><\/span><\/p>\n","protected":false},"author":1,"featured_media":0,"comment_status":"closed","ping_status":"closed","sticky":false,"template":"","format":"standard","meta":[],"categories":[48],"tags":[159],"_links":{"self":[{"href":"http:\/\/warto.pageblogi.pl\/index.php?rest_route=\/wp\/v2\/posts\/230"}],"collection":[{"href":"http:\/\/warto.pageblogi.pl\/index.php?rest_route=\/wp\/v2\/posts"}],"about":[{"href":"http:\/\/warto.pageblogi.pl\/index.php?rest_route=\/wp\/v2\/types\/post"}],"author":[{"embeddable":true,"href":"http:\/\/warto.pageblogi.pl\/index.php?rest_route=\/wp\/v2\/users\/1"}],"replies":[{"embeddable":true,"href":"http:\/\/warto.pageblogi.pl\/index.php?rest_route=%2Fwp%2Fv2%2Fcomments&post=230"}],"version-history":[{"count":0,"href":"http:\/\/warto.pageblogi.pl\/index.php?rest_route=\/wp\/v2\/posts\/230\/revisions"}],"wp:attachment":[{"href":"http:\/\/warto.pageblogi.pl\/index.php?rest_route=%2Fwp%2Fv2%2Fmedia&parent=230"}],"wp:term":[{"taxonomy":"category","embeddable":true,"href":"http:\/\/warto.pageblogi.pl\/index.php?rest_route=%2Fwp%2Fv2%2Fcategories&post=230"},{"taxonomy":"post_tag","embeddable":true,"href":"http:\/\/warto.pageblogi.pl\/index.php?rest_route=%2Fwp%2Fv2%2Ftags&post=230"}],"curies":[{"name":"wp","href":"https:\/\/api.w.org\/{rel}","templated":true}]}}