{"id":390,"date":"2013-03-07T14:06:27","date_gmt":"2013-03-07T14:06:27","guid":{"rendered":"http:\/\/warto.pageblogi.pl\/?p=390"},"modified":"2013-03-07T14:06:27","modified_gmt":"2013-03-07T14:06:27","slug":"kto-wykonuje-zdjecia-w-tle","status":"publish","type":"post","link":"http:\/\/warto.pageblogi.pl\/?p=390","title":{"rendered":"Kto wykonuje zdj\u0119cia w tle?"},"content":{"rendered":"<p>W\u0142a\u015bciwie ka\u017cdy z nas wszak wie najlepiej, jak fajnie jest przedstawi\u0107 potem, po czasie, innym osobom jakie\u015b faktycznie przyjemne i mi\u0142e wydarzenie, kt\u00f3re kiedy\u015b wszak przytrafi\u0142o si\u0119 nam samym. Wszak wiemy bardzo dobrze o tym aktualnie, \u017ce co, w jaki spos\u00f3b co, ale wszak\u017ce nie za ka\u017cdym razem ka\u017cdy z nas jest obok innej ch\u0142opcy i dziewcz\u0119ta zawsze, a z tego mo\u017ce wynika\u0107 zwyczajny fakt, \u017ce nic, tak w jaki spos\u00f3b zdj\u0119cia nie jest w stanie przekaza\u0107 nam przesz\u0142o\u015bci i nie jest w stanie nam przekaza\u0107 co si\u0119 podczas jej trwania dzia\u0142o, jak ma mo\u017cliwo\u015b\u0107 zilustrowa\u0107 to wszystko zwyczajne zdj\u0119cie. To jest dopiero co\u015b wa\u017cne i co\u015b istotnego, to jest co\u015b, czego raczej \u017cadna osoba nam nie zabierze i starajmy si\u0119 mie\u0107 to wszystko na uwadze. Poza tym r\u00f3wnie\u017c warto doda\u0107 o tym, \u017ce prawie ka\u017cde, a raczej wszystkie zdj\u0119cia maj\u0105 w sobie pi\u0119kno, bo zawieraj\u0105 fragmenty rzeczywisto\u015bci, kt\u00f3ra dzia\u0142a si\u0119 kiedy\u015b i kt\u00f3ra teraz jest przesz\u0142o\u015bci\u0105. Powinni\u015bmy mie\u0107 \u015bwiadomo\u015b\u0107, \u017ce wszystkie zdj\u0119cia, czy to <a href=\"http:\/\/www.fbtla.pl\/\">zdj\u0119cia w tle<\/a>, czy te\u017c inne, mog\u0105 podoba\u0107 si\u0119 ka\u017cdemu z nas i dlatego te\u017c pami\u0119tajmy po prostu o tym, \u017ce warto cyka\u0107 zdarza si\u0119, \u017ce te nasze fotki, kt\u00f3re potem ogl\u0105daj\u0105c, przenosz\u0105 nas wszystkich w bardzo mi\u0142e czasy, kt\u00f3re dawa\u0142y nam wiele satysfakcji i kilka przyjemno\u015bci i chyba to jest najistotniejsze. B\u0105d\u017amy r\u00f3wnie\u017c \u015bwiadomi tego, \u017ce nie posiada to, jak m\u00f3c gromadzi\u0107 te nasze dos\u0142ownie najwi\u0119ksze wspomnienia, i s\u0105 one w\u00f3wczas za ka\u017cdym razem z nami i to nawet wtedy, kiedy tak de fakto mo\u017cliwe, \u017ce zdarzy si\u0119 nam zwyczajnie o nich zapomnie\u0107. Nie r\u00f3bmy tego, nie dopu\u015b\u0107my do tego, nie starajmy si\u0119 nawet my\u015ble\u0107 o Ci w taki spos\u00f3b, \u017ce przeminie i ju\u017c, bo je\u017celi ju\u017c dos\u0142ownie nasza pami\u0119\u0107 b\u0119dzie zawodzi\u0107, to w ka\u017cdym momencie zostanie wspomnienie w formie fotek, a to jest dla nas takie wa\u017cne i istotne. Mamy r\u00f3wnie\u017c filmy i kamer\u0119, ale to nie jest to samo, bo jednak\u017ce co w jaki spos\u00f3b co, ale fotki s\u0105 niezast\u0105pione przez nic innego i mo\u017ce to spokojnie przyzna\u0107 ka\u017cdy z nas, prawie ka\u017cdy cz\u0142owiek.<\/p>\n","protected":false},"excerpt":{"rendered":"<p>W\u0142a\u015bciwie ka\u017cdy z nas wszak wie najlepiej, jak fajnie jest przedstawi\u0107 potem, po czasie, innym osobom jakie\u015b faktycznie przyjemne i mi\u0142e wydarzenie, kt\u00f3re kiedy\u015b wszak przytrafi\u0142o si\u0119 nam samym. Wszak wiemy bardzo dobrze o tym aktualnie, \u017ce co, w jaki spos\u00f3b co, ale wszak\u017ce nie za ka\u017cdym razem ka\u017cdy z nas jest obok innej ch\u0142opcy &#8230; <span class=\"more\"><a class=\"more-link\" href=\"http:\/\/warto.pageblogi.pl\/?p=390\">[Read more&#8230;]<\/a><\/span><\/p>\n","protected":false},"author":1,"featured_media":0,"comment_status":"closed","ping_status":"closed","sticky":false,"template":"","format":"standard","meta":[],"categories":[13],"tags":[],"_links":{"self":[{"href":"http:\/\/warto.pageblogi.pl\/index.php?rest_route=\/wp\/v2\/posts\/390"}],"collection":[{"href":"http:\/\/warto.pageblogi.pl\/index.php?rest_route=\/wp\/v2\/posts"}],"about":[{"href":"http:\/\/warto.pageblogi.pl\/index.php?rest_route=\/wp\/v2\/types\/post"}],"author":[{"embeddable":true,"href":"http:\/\/warto.pageblogi.pl\/index.php?rest_route=\/wp\/v2\/users\/1"}],"replies":[{"embeddable":true,"href":"http:\/\/warto.pageblogi.pl\/index.php?rest_route=%2Fwp%2Fv2%2Fcomments&post=390"}],"version-history":[{"count":0,"href":"http:\/\/warto.pageblogi.pl\/index.php?rest_route=\/wp\/v2\/posts\/390\/revisions"}],"wp:attachment":[{"href":"http:\/\/warto.pageblogi.pl\/index.php?rest_route=%2Fwp%2Fv2%2Fmedia&parent=390"}],"wp:term":[{"taxonomy":"category","embeddable":true,"href":"http:\/\/warto.pageblogi.pl\/index.php?rest_route=%2Fwp%2Fv2%2Fcategories&post=390"},{"taxonomy":"post_tag","embeddable":true,"href":"http:\/\/warto.pageblogi.pl\/index.php?rest_route=%2Fwp%2Fv2%2Ftags&post=390"}],"curies":[{"name":"wp","href":"https:\/\/api.w.org\/{rel}","templated":true}]}}