{"id":398,"date":"2013-03-09T14:45:53","date_gmt":"2013-03-09T14:45:53","guid":{"rendered":"http:\/\/warto.pageblogi.pl\/?p=398"},"modified":"2013-03-09T14:45:53","modified_gmt":"2013-03-09T14:45:53","slug":"kto-w-warszawie-wykonuje-swietny-wizaz","status":"publish","type":"post","link":"http:\/\/warto.pageblogi.pl\/?p=398","title":{"rendered":"Kto w Warszawie wykonuje \u015bwietny wiza\u017c?"},"content":{"rendered":"<p>W jaki spos\u00f3b tak faktycznie wed\u0142ug nas powinien wygl\u0105da\u0107 schludny  <a href=\"http:\/\/www.pomalujmnie.pl\/\">wiza\u017c warszawa<\/a>. Przede wszystkim to prawdopodobnie w\u0142a\u015bciwie ka\u017cdy z nas wie bardzo dobrze o tym, \u017ce wszak\u017ce po pierwsze, to taki makija\u017c nie mo\u017ce by\u0107 zbyt mocny, czyli nie powinien zawiera\u0107 w sobie jaki\u015b bardzo mocnych i ciemnych barw, bo wiemy w ko\u0144cu dobrze o tym, \u017ce takiego stroju, jaki b\u0119dzie posiada\u0107 na sobie panna m\u0142oda, to taki makija\u017c raczej nie b\u0119dzie pasowa\u0142. Przede wszystkim bardzo istotne jest to, \u017ce wszak je\u017celi ju\u017c ubranie panny m\u0142odej b\u0119dzie w barwach jasnych, a je\u017celi nie w typowych i tradycyjnych barwach takich, w jaki spos\u00f3b bia\u0142y, czy kremowy, to b\u0119dzie to z ca\u0142kowit\u0105 czyli stu procentow\u0105 pewno\u015bci\u0105 kolor jasny r\u00f3\u017c, czy ma mo\u017cliwo\u015b\u0107 jasny b\u0142\u0119kit, to ju\u017c bez znaczenia w sumie, bo liczy si\u0119 w ko\u0144cu to, \u017ce b\u0119dzie to kolor jasny. Je\u017celi o to chodzi, to w chwili obecnej te jasne kolory nie mog\u0105 by\u0107 przecie\u017c na zdrowy rozs\u0105dek po\u0142\u0105czone z ciemnym makija\u017cem, bo takie zestawienie b\u0119dzie wtedy de fakto kategorycznie za ci\u0119\u017ckie, a tego jednak\u017ce nie chcia\u0142aby \u017cadna panna m\u0142oda. Po prostu makija\u017c posiada podkre\u015bla\u0107 walory, ma ukrywa\u0107 wady, co jest niezbite i tak\u017ce zrozumia\u0142e, ale g\u0142\u00f3wnie nie mo\u017ce przy\u0107miewa\u0107 urody panny m\u0142odej, w jaki spos\u00f3b tez i nie mo\u017ce nie komponowa\u0107 si\u0119 z jej ubraniem, kt\u00f3re jak sami doskonale wiemy, zwyczajnie musi, a raczej powinno by\u0107 jasne, co najmniej i z tradycji zwyczajnie. G\u0142\u00f3wnie znacz\u0105ce dla nas r\u00f3wnie\u017c powinno by\u0107 to w chwili obecnej, \u017ce wszak w takim dniu nie mo\u017cna ukrywa\u0107 naturalnego pi\u0119kna i wdzi\u0119ku kobiety. Wszystkie barwy u\u017cyte w makija\u017c zale\u017c\u0105 od samej ju\u017c kobiety, od tego, czy ma ciemne w\u0142osy, czy jest blondynk\u0105, czy ma mo\u017cliwo\u015b\u0107 po prostu ma jasn\u0105 karnacj\u0119, czy te\u017c ciemn\u0105, bo takie detale te\u017c odgrywaj\u0105 wielkie znaczenie, ale nie mo\u017cna r\u00f3wnie\u017c z nimi przesadza\u0107, zwyczajnie b\u0105d\u017amy \u015bwiadomi tego, \u017ce makija\u017c musi by\u0107 naturalny, a a dodatkowo musi by\u0107 dobrze dobrany do ka\u017cdej kobiety i to jeszcze osobi\u015bcie.<\/p>\n","protected":false},"excerpt":{"rendered":"<p>W jaki spos\u00f3b tak faktycznie wed\u0142ug nas powinien wygl\u0105da\u0107 schludny wiza\u017c warszawa. Przede wszystkim to prawdopodobnie w\u0142a\u015bciwie ka\u017cdy z nas wie bardzo dobrze o tym, \u017ce wszak\u017ce po pierwsze, to taki makija\u017c nie mo\u017ce by\u0107 zbyt mocny, czyli nie powinien zawiera\u0107 w sobie jaki\u015b bardzo mocnych i ciemnych barw, bo wiemy w ko\u0144cu dobrze o &#8230; <span class=\"more\"><a class=\"more-link\" href=\"http:\/\/warto.pageblogi.pl\/?p=398\">[Read more&#8230;]<\/a><\/span><\/p>\n","protected":false},"author":1,"featured_media":0,"comment_status":"closed","ping_status":"closed","sticky":false,"template":"","format":"standard","meta":[],"categories":[48],"tags":[],"_links":{"self":[{"href":"http:\/\/warto.pageblogi.pl\/index.php?rest_route=\/wp\/v2\/posts\/398"}],"collection":[{"href":"http:\/\/warto.pageblogi.pl\/index.php?rest_route=\/wp\/v2\/posts"}],"about":[{"href":"http:\/\/warto.pageblogi.pl\/index.php?rest_route=\/wp\/v2\/types\/post"}],"author":[{"embeddable":true,"href":"http:\/\/warto.pageblogi.pl\/index.php?rest_route=\/wp\/v2\/users\/1"}],"replies":[{"embeddable":true,"href":"http:\/\/warto.pageblogi.pl\/index.php?rest_route=%2Fwp%2Fv2%2Fcomments&post=398"}],"version-history":[{"count":0,"href":"http:\/\/warto.pageblogi.pl\/index.php?rest_route=\/wp\/v2\/posts\/398\/revisions"}],"wp:attachment":[{"href":"http:\/\/warto.pageblogi.pl\/index.php?rest_route=%2Fwp%2Fv2%2Fmedia&parent=398"}],"wp:term":[{"taxonomy":"category","embeddable":true,"href":"http:\/\/warto.pageblogi.pl\/index.php?rest_route=%2Fwp%2Fv2%2Fcategories&post=398"},{"taxonomy":"post_tag","embeddable":true,"href":"http:\/\/warto.pageblogi.pl\/index.php?rest_route=%2Fwp%2Fv2%2Ftags&post=398"}],"curies":[{"name":"wp","href":"https:\/\/api.w.org\/{rel}","templated":true}]}}