{"id":4247,"date":"2020-06-09T05:36:05","date_gmt":"2020-06-09T05:36:05","guid":{"rendered":"http:\/\/warto.pageblogi.pl\/?p=4247"},"modified":"2020-06-09T05:36:05","modified_gmt":"2020-06-09T05:36:05","slug":"fachowe-urzadzenia-klimatyzacyjne","status":"publish","type":"post","link":"http:\/\/warto.pageblogi.pl\/?p=4247","title":{"rendered":"Fachowe urz\u0105dzenia klimatyzacyjne"},"content":{"rendered":"<p>A mo\u017ce warto w najbli\u017cszym czasie postawi\u0107 na elementy w\u0142a\u015bnie z tej dok\u0142adnie sprecyzowanej dziedzinie? Warto zwr\u00f3ci\u0107 uwag\u0119, i\u017c urz\u0105dzenia klimatyzacyjne Szczecin mog\u0119 by\u0107 dobrane w rzeczywisto\u015bci bardzo szybko i bez \u017cadnego wi\u0119kszego problemu. Coraz wi\u0119cej os\u00f3b decyduje si\u0119 na rozwi\u0105zania tego konkretnego typu. Czym kierowa\u0107 si\u0119 decyduj\u0105c si\u0119 na jednak urz\u0105dzenia klimatyzacyjne Szczecin? Interesuje Was sprzeda\u017c klimatyzacji Szczecin? S\u0105 na rynku podmioty, kt\u00f3re bardzo pr\u0119\u017cnie zajmuj\u0105 si\u0119 w\u0142a\u015bnie tym konkretnym tematem.<!--more--><\/p>\n<p>  Co powinno si\u0119 mie\u0107 na uwadze wybieraj\u0105c ekspert\u00f3w od tego w\u0142a\u015bnie konkretnego tematu? W g\u0142\u00f3wnej mierze powinno si\u0119 postawi\u0107 po prostu na podmioty, kt\u00f3re maj\u0105 po swojej stronie rzeczywi\u015bcie bardzo du\u017co wiedzy na tego rodzaju konkretnego tematu. Nie bez znaczenia s\u0105 tak\u017ce aspekty, \u017ce dobrej jako\u015bci podmiot oferuj\u0105cy sprzeda\u017c klimatyzacji Szczecin powinien charakteryzowa\u0107 si\u0119 tak\u017ce do\u015bwiadczeniem (sprawd\u017a te\u017c: <a href=\"https:\/\/klimatyzacje-wentylacje.pl\/klimatyzacje\">klimatyzatory Multi-split Szczecin<\/a>). Co jeszcze jest wa\u017cne? Oczywi\u015bcie to pod wieloma wzgl\u0119dami urozmaicony asortyment. Coraz wi\u0119cej os\u00f3b stawia w\u0142a\u015bnie na elementy z tej dok\u0142adnie okre\u015blonej kategorii (polecam: <a href=\"https:\/\/klimatyzacje-wentylacje.pl\/hurtownie-sprzetu-agd\">serwis sprz\u0119tu agd Szczecin<\/a>). Nale\u017cy wzi\u0105\u0107 pod uwag\u0119 aspekty, \u017ce przysz\u0142o\u015bciowe rozwi\u0105zania w\u0142a\u015bnie tego konkretnego typu musz\u0105 by\u0107 odpowiednio dobrane do konkretnego zastosowania. I to pod wieloma wzgl\u0119dami. Jakimi? Nale\u017cy zwr\u00f3ci\u0107 uwag\u0119 na aspekty, \u017ce przysz\u0142o\u015bciowe urz\u0105dzenia musz\u0105 by\u0107 wybrane w g\u0142\u00f3wnej mierze od dobrego producenta. Bardzo wa\u017cna sprawa jest taka, aby pasowa\u0142y do danego miejsca dbaj\u0105c o gabaryty. Bez w\u0105tpienia urz\u0105dzenia klimatyzacyjne Szczecin musz\u0105 mie\u0107 r\u00f3wnie\u017c stosowne funkcje.<br \/>\n<br \/>Warto zobaczy\u0107: <a href=\"https:\/\/klimatyzacje-wentylacje.pl\">urz\u0105dzenia klimatyzacyjne Szczecin<\/a>.<\/p>\n","protected":false},"excerpt":{"rendered":"<p>A mo\u017ce warto w najbli\u017cszym czasie postawi\u0107 na elementy w\u0142a\u015bnie z tej dok\u0142adnie sprecyzowanej dziedzinie? Warto zwr\u00f3ci\u0107 uwag\u0119, i\u017c urz\u0105dzenia klimatyzacyjne Szczecin mog\u0119 by\u0107 dobrane w rzeczywisto\u015bci bardzo szybko i bez \u017cadnego wi\u0119kszego problemu. Coraz wi\u0119cej os\u00f3b decyduje si\u0119 na rozwi\u0105zania tego konkretnego typu. Czym kierowa\u0107 si\u0119 decyduj\u0105c si\u0119 na jednak urz\u0105dzenia klimatyzacyjne Szczecin? Interesuje &#8230; <span class=\"more\"><a class=\"more-link\" href=\"http:\/\/warto.pageblogi.pl\/?p=4247\">[Read more&#8230;]<\/a><\/span><\/p>\n","protected":false},"author":1,"featured_media":0,"comment_status":"closed","ping_status":"closed","sticky":false,"template":"","format":"standard","meta":[],"categories":[1],"tags":[],"_links":{"self":[{"href":"http:\/\/warto.pageblogi.pl\/index.php?rest_route=\/wp\/v2\/posts\/4247"}],"collection":[{"href":"http:\/\/warto.pageblogi.pl\/index.php?rest_route=\/wp\/v2\/posts"}],"about":[{"href":"http:\/\/warto.pageblogi.pl\/index.php?rest_route=\/wp\/v2\/types\/post"}],"author":[{"embeddable":true,"href":"http:\/\/warto.pageblogi.pl\/index.php?rest_route=\/wp\/v2\/users\/1"}],"replies":[{"embeddable":true,"href":"http:\/\/warto.pageblogi.pl\/index.php?rest_route=%2Fwp%2Fv2%2Fcomments&post=4247"}],"version-history":[{"count":1,"href":"http:\/\/warto.pageblogi.pl\/index.php?rest_route=\/wp\/v2\/posts\/4247\/revisions"}],"predecessor-version":[{"id":4248,"href":"http:\/\/warto.pageblogi.pl\/index.php?rest_route=\/wp\/v2\/posts\/4247\/revisions\/4248"}],"wp:attachment":[{"href":"http:\/\/warto.pageblogi.pl\/index.php?rest_route=%2Fwp%2Fv2%2Fmedia&parent=4247"}],"wp:term":[{"taxonomy":"category","embeddable":true,"href":"http:\/\/warto.pageblogi.pl\/index.php?rest_route=%2Fwp%2Fv2%2Fcategories&post=4247"},{"taxonomy":"post_tag","embeddable":true,"href":"http:\/\/warto.pageblogi.pl\/index.php?rest_route=%2Fwp%2Fv2%2Ftags&post=4247"}],"curies":[{"name":"wp","href":"https:\/\/api.w.org\/{rel}","templated":true}]}}