{"id":4261,"date":"2020-06-13T01:16:04","date_gmt":"2020-06-13T01:16:04","guid":{"rendered":"http:\/\/warto.pageblogi.pl\/?p=4261"},"modified":"2020-06-13T01:16:04","modified_gmt":"2020-06-13T01:16:04","slug":"profesjonalny-podmiot-zajmujacy-sie-zawodowo-klimatyzacja","status":"publish","type":"post","link":"http:\/\/warto.pageblogi.pl\/?p=4261","title":{"rendered":"Profesjonalny podmiot zajmuj\u0105cy si\u0119 zawodowo klimatyzacj\u0105"},"content":{"rendered":"<p>Macie intencja nied\u0142ugo zdecydowa\u0107 si\u0119 na specjalist\u00f3w od tego konkretnego tematu? Zale\u017cy Wam na tym, aby np monta\u017c klimatyzacji zosta\u0142 stworzony w zgodzie z najwa\u017cniejszymi standardami? Nale\u017cy wzi\u0105\u0107 pod uwag\u0119 aspekty, \u017ce w tej dok\u0142adnie sprecyzowanej sytuacji nie mo\u017cna po prostu pozwoli\u0107 sobie na kt\u00f3rekolwiek pomy\u0142ki. Co wi\u0119c trzeba wzi\u0105\u0107 pod w\u0142asn\u0105 uwag\u0119 decyduj\u0105c si\u0119 zwyczajnie na fachowc\u00f3w od tego konkretnego tematu? Powinno si\u0119 zwr\u00f3ci\u0107 uwag\u0119 mi\u0119dzy innymi generalnie na fakt, \u017ce dla fachowc\u00f3w klimatyzacja Split szczecin to temat, kt\u00f3ry tak naprawd\u0119 nie stanowi \u017cadnej tajemnicy. Czym og\u00f3lnie rzecz bior\u0105c odznaczaj\u0105 si\u0119 specjali\u015bci? To osoby, kt\u00f3re posiadaj\u0105 stosownie bardzo du\u017co wiedzy teoretycznej a tak\u017ce praktycznej odnosz\u0105cej si\u0119 do tego konkretnego zagadnienia.<!--more--><\/p>\n<p>  Inna na prawd\u0119 istotna informacja zwi\u0105zana w\u0142a\u015bnie z tym tematem jest taka, \u017ce sprzedawana klimatyzacja Split szczecin jest tak naprawd\u0119 najwy\u017cszej mo\u017cliwej jako\u015bci pod wieloma, wieloma wzgl\u0119dami. Czym jeszcze odznaczaj\u0105 si\u0119 w tym temacie specjali\u015bci? Co powoduje, \u017ce s\u0105 tak ch\u0119tnie oraz cz\u0119sto wybierani? Nale\u017cy zwr\u00f3ci\u0107 uwag\u0119 na aspekt, \u017ce us\u0142ugi w tym temacie s\u0105 de facto urozmaicone. Co wi\u0119c realizuj\u0105 profesjonali\u015bci? S\u0105 to osoby, kt\u00f3re posiadaj\u0105 nale\u017cyte kwalifikacje. Maj\u0105 tak\u017ce nowoczesne sprz\u0119ty. Na dodatek us\u0142ugi s\u0105 r\u00f3\u017cne. To w g\u0142\u00f3wnej mierze monta\u017c klimatyzacji. Na skutek tego temperatura w konkretnym domu lub mieszkaniu i tym podobne b\u0119dzie po prostu od samego pocz\u0105tku dobrze dopasowana. Dla wielu os\u00f3b ma to jednak rzeczywi\u015bcie bardzo spore znaczenie.<br \/>\n\u00a0<br \/>\n<br \/>\u0179r\u00f3d\u0142o informacji: <a href=\"https:\/\/klimatyzacje-wentylacje.pl\/klimatyzacje\">klimatyzacje przeno\u015bne<\/a>.<\/p>\n","protected":false},"excerpt":{"rendered":"<p>Macie intencja nied\u0142ugo zdecydowa\u0107 si\u0119 na specjalist\u00f3w od tego konkretnego tematu? Zale\u017cy Wam na tym, aby np monta\u017c klimatyzacji zosta\u0142 stworzony w zgodzie z najwa\u017cniejszymi standardami? Nale\u017cy wzi\u0105\u0107 pod uwag\u0119 aspekty, \u017ce w tej dok\u0142adnie sprecyzowanej sytuacji nie mo\u017cna po prostu pozwoli\u0107 sobie na kt\u00f3rekolwiek pomy\u0142ki. Co wi\u0119c trzeba wzi\u0105\u0107 pod w\u0142asn\u0105 uwag\u0119 decyduj\u0105c si\u0119 &#8230; <span class=\"more\"><a class=\"more-link\" href=\"http:\/\/warto.pageblogi.pl\/?p=4261\">[Read more&#8230;]<\/a><\/span><\/p>\n","protected":false},"author":1,"featured_media":0,"comment_status":"closed","ping_status":"closed","sticky":false,"template":"","format":"standard","meta":[],"categories":[1],"tags":[],"_links":{"self":[{"href":"http:\/\/warto.pageblogi.pl\/index.php?rest_route=\/wp\/v2\/posts\/4261"}],"collection":[{"href":"http:\/\/warto.pageblogi.pl\/index.php?rest_route=\/wp\/v2\/posts"}],"about":[{"href":"http:\/\/warto.pageblogi.pl\/index.php?rest_route=\/wp\/v2\/types\/post"}],"author":[{"embeddable":true,"href":"http:\/\/warto.pageblogi.pl\/index.php?rest_route=\/wp\/v2\/users\/1"}],"replies":[{"embeddable":true,"href":"http:\/\/warto.pageblogi.pl\/index.php?rest_route=%2Fwp%2Fv2%2Fcomments&post=4261"}],"version-history":[{"count":1,"href":"http:\/\/warto.pageblogi.pl\/index.php?rest_route=\/wp\/v2\/posts\/4261\/revisions"}],"predecessor-version":[{"id":4262,"href":"http:\/\/warto.pageblogi.pl\/index.php?rest_route=\/wp\/v2\/posts\/4261\/revisions\/4262"}],"wp:attachment":[{"href":"http:\/\/warto.pageblogi.pl\/index.php?rest_route=%2Fwp%2Fv2%2Fmedia&parent=4261"}],"wp:term":[{"taxonomy":"category","embeddable":true,"href":"http:\/\/warto.pageblogi.pl\/index.php?rest_route=%2Fwp%2Fv2%2Fcategories&post=4261"},{"taxonomy":"post_tag","embeddable":true,"href":"http:\/\/warto.pageblogi.pl\/index.php?rest_route=%2Fwp%2Fv2%2Ftags&post=4261"}],"curies":[{"name":"wp","href":"https:\/\/api.w.org\/{rel}","templated":true}]}}