{"id":4319,"date":"2020-06-24T07:45:06","date_gmt":"2020-06-24T07:45:06","guid":{"rendered":"http:\/\/warto.pageblogi.pl\/?p=4319"},"modified":"2020-06-24T07:45:06","modified_gmt":"2020-06-24T07:45:06","slug":"polecany-podmiot-zajmujacy-sie-klimatyzacja","status":"publish","type":"post","link":"http:\/\/warto.pageblogi.pl\/?p=4319","title":{"rendered":"Polecany podmiot zajmuj\u0105cy si\u0119 klimatyzacj\u0105"},"content":{"rendered":"<p>Macie zamys\u0142 nied\u0142ugo zdecydowa\u0107 si\u0119 na specjalist\u00f3w od tego konkretnego tematu? Zale\u017cy Wam na tym, aby np monta\u017c klimatyzacji zosta\u0142 utworzony w zgodzie z najwa\u017cniejszymi normami? Powinno si\u0119 wzi\u0105\u0107 pod uwag\u0119 aspekty, \u017ce w tej dok\u0142adnie sprecyzowanej sytuacji nie mo\u017cna po prostu pozwoli\u0107 sobie na jakiekolwiek pomy\u0142ki. Co wi\u0119c nale\u017cy wzi\u0105\u0107 pod swoj\u0105 uwag\u0119 decyduj\u0105c si\u0119 zwyczajnie na specjalist\u00f3w od tego konkretnego tematu? Nale\u017cy zwr\u00f3ci\u0107 uwag\u0119 mi\u0119dzy innymi og\u00f3lnie rzecz ujmuj\u0105c na fakt, \u017ce dla fachowc\u00f3w klimatyzacja Split szczecin to temat, kt\u00f3ry tak naprawd\u0119 nie stanowi \u017cadnej tajemnicy. Czym generalnie odznaczaj\u0105 si\u0119 specjali\u015bci? To osoby, kt\u00f3re posiadaj\u0105 stosownie na prawd\u0119 du\u017co wiedzy teoretycznej oraz praktycznej odnosz\u0105cej si\u0119 do tego konkretnego zagadnienia.<!--more--><\/p>\n<p>  Inna na prawd\u0119 wa\u017cna informacja zwi\u0105zana w\u0142a\u015bnie z tym tematem jest taka, \u017ce sprzedawana klimatyzacja Split szczecin jest tak w rzeczywisto\u015bci najwy\u017cszej mo\u017cliwej jako\u015bci pod wieloma, wieloma wzgl\u0119dami. Czym jeszcze wyr\u00f3\u017cniaj\u0105 si\u0119 w tym temacie profesjonali\u015bci? Co sprawia, \u017ce s\u0105 tak ch\u0119tnie a tak\u017ce cz\u0119sto wybierani? Powinno si\u0119 zwr\u00f3ci\u0107 uwag\u0119 na aspekt, \u017ce us\u0142ugi w tym temacie s\u0105 w rzeczywisto\u015bci urozmaicone. Co zatem realizuj\u0105 fachowcy? S\u0105 to osoby, kt\u00f3re posiadaj\u0105 odpowiednie kwalifikacje. Maj\u0105 tak\u017ce przysz\u0142o\u015bciowe sprz\u0119ty. Na dodatek us\u0142ugi s\u0105 r\u00f3\u017cnorodne. To mi\u0119dzy innymi monta\u017c klimatyzacji. Na skutek tego temperatura w konkretnym domu albo mieszkaniu itd b\u0119dzie zwyczajnie od samego pocz\u0105tku w\u0142a\u015bciwa. Dla wielu ludzi ma to jednak naprawd\u0119 bardzo spore znaczenie.<br \/>\n\u00a0<br \/>\n<br \/>\u0179r\u00f3d\u0142o: <a href=\"https:\/\/klimatyzacje-wentylacje.pl\/klimatyzacje\">klimatyzacja monta\u017c szczecin<\/a>.<\/p>\n","protected":false},"excerpt":{"rendered":"<p>Macie zamys\u0142 nied\u0142ugo zdecydowa\u0107 si\u0119 na specjalist\u00f3w od tego konkretnego tematu? Zale\u017cy Wam na tym, aby np monta\u017c klimatyzacji zosta\u0142 utworzony w zgodzie z najwa\u017cniejszymi normami? Powinno si\u0119 wzi\u0105\u0107 pod uwag\u0119 aspekty, \u017ce w tej dok\u0142adnie sprecyzowanej sytuacji nie mo\u017cna po prostu pozwoli\u0107 sobie na jakiekolwiek pomy\u0142ki. Co wi\u0119c nale\u017cy wzi\u0105\u0107 pod swoj\u0105 uwag\u0119 decyduj\u0105c &#8230; <span class=\"more\"><a class=\"more-link\" href=\"http:\/\/warto.pageblogi.pl\/?p=4319\">[Read more&#8230;]<\/a><\/span><\/p>\n","protected":false},"author":1,"featured_media":0,"comment_status":"closed","ping_status":"closed","sticky":false,"template":"","format":"standard","meta":[],"categories":[1],"tags":[],"_links":{"self":[{"href":"http:\/\/warto.pageblogi.pl\/index.php?rest_route=\/wp\/v2\/posts\/4319"}],"collection":[{"href":"http:\/\/warto.pageblogi.pl\/index.php?rest_route=\/wp\/v2\/posts"}],"about":[{"href":"http:\/\/warto.pageblogi.pl\/index.php?rest_route=\/wp\/v2\/types\/post"}],"author":[{"embeddable":true,"href":"http:\/\/warto.pageblogi.pl\/index.php?rest_route=\/wp\/v2\/users\/1"}],"replies":[{"embeddable":true,"href":"http:\/\/warto.pageblogi.pl\/index.php?rest_route=%2Fwp%2Fv2%2Fcomments&post=4319"}],"version-history":[{"count":1,"href":"http:\/\/warto.pageblogi.pl\/index.php?rest_route=\/wp\/v2\/posts\/4319\/revisions"}],"predecessor-version":[{"id":4320,"href":"http:\/\/warto.pageblogi.pl\/index.php?rest_route=\/wp\/v2\/posts\/4319\/revisions\/4320"}],"wp:attachment":[{"href":"http:\/\/warto.pageblogi.pl\/index.php?rest_route=%2Fwp%2Fv2%2Fmedia&parent=4319"}],"wp:term":[{"taxonomy":"category","embeddable":true,"href":"http:\/\/warto.pageblogi.pl\/index.php?rest_route=%2Fwp%2Fv2%2Fcategories&post=4319"},{"taxonomy":"post_tag","embeddable":true,"href":"http:\/\/warto.pageblogi.pl\/index.php?rest_route=%2Fwp%2Fv2%2Ftags&post=4319"}],"curies":[{"name":"wp","href":"https:\/\/api.w.org\/{rel}","templated":true}]}}