{"id":4377,"date":"2020-06-28T01:53:05","date_gmt":"2020-06-28T01:53:05","guid":{"rendered":"http:\/\/warto.pageblogi.pl\/?p=4377"},"modified":"2020-06-28T01:53:05","modified_gmt":"2020-06-28T01:53:05","slug":"sanatorium-nad-morzem","status":"publish","type":"post","link":"http:\/\/warto.pageblogi.pl\/?p=4377","title":{"rendered":"Sanatorium nad morzem"},"content":{"rendered":"<p>\u0141agodny morski klimat jest prawdziwym panaceum na sporo dolegliwo\u015bci i z tego te\u017c powodu jak rok d\u0142ugi nad polski Ba\u0142tyk \u015bci\u0105gaj\u0105 kuracjusze, w tym osoby zmagaj\u0105ce si\u0119 z niepe\u0142nosprawno\u015bci\u0105. To dla nich w\u0142a\u015bnie organizuje si\u0119 turnusy rehabilitacyjne, kt\u00f3re s\u0105 swoistym po\u0142\u0105czeniem leczenia i aktywnego wypoczynku. Skorzysta\u0107 z turnusu rehabilitacyjnego mo\u017ce ka\u017cda osoba posiadaj\u0105ca wa\u017cne orzeczenie niepe\u0142nosprawno\u015bci.<!--more--><\/p>\n<p> W trakcie trwania turnusu pacjenci poddawani s\u0105 zabiegom zaordynowanym przez lekarza przyjmuj\u0105cego dobieranym zale\u017cnie od schorzenia. Rehabilitacja nad morzem trwa kompletne dwa tygodnie, w trakcie kt\u00f3rych uczestnikom gwarantuje si\u0119 zakwaterowanie i wy\u017cywienie. Dieta ustalana jest indywidualnie i wybiera\u0107 mo\u017cna mi\u0119dzy diet\u0105 cukrzycow\u0105, niskot\u0142uszczow\u0105, bezglutenow\u0105, wegetaria\u0144sk\u0105 i innymi jej rodzajami, zgodnie ze wskazaniami dietetyka. Podczas turnusu uczestnicz\u0105cy mog\u0105 tak\u017ce liczy\u0107 na ca\u0142odobow\u0105 opiek\u0119 piel\u0119gniarsk\u0105. W chwilach pomi\u0119dzy zabiegami warto korzysta\u0107 z bogatego programu zaj\u0119\u0107 kulturalno-o\u015bwiatowych i rekreacyjno-sportowych, czy zwyczajnie w\u0142\u0105czy\u0107 si\u0119 w \u017cycie towarzyskie o\u015brodka. Istnieje sposobno\u015b\u0107 skorzystania z dofinansowania ze \u015brodk\u00f3w PFRON, jednak\u017ce pomoc obwarowana jest szeregiem warunk\u00f3w, kt\u00f3re trzeba wype\u0142ni\u0107, by zyska\u0107 dop\u0142at\u0119. Turnusy rehabilitacyjne PFRON przeznaczone s\u0105 dla ludzi, kt\u00f3rzy poza wa\u017cnym orzeczeniem o niepe\u0142nosprawno\u015bci i skierowaniem od lekarza prowadz\u0105cego spe\u0142niaj\u0105 kryterium niskich pensji. Warto tak\u017ce pami\u0119ta\u0107, \u017ce z dofinansowania mo\u017cna skorzysta\u0107 w danym roku wy\u0142\u0105cznie raz.<br \/>\n<br \/>Zobacz: <a href=\"http:\/\/www.owproton.pl\/turnusy-rehabilitacyjne-kolobrzeg\">turnusy rehabilitacyjne PFRON<\/a>.<\/p>\n","protected":false},"excerpt":{"rendered":"<p>\u0141agodny morski klimat jest prawdziwym panaceum na sporo dolegliwo\u015bci i z tego te\u017c powodu jak rok d\u0142ugi nad polski Ba\u0142tyk \u015bci\u0105gaj\u0105 kuracjusze, w tym osoby zmagaj\u0105ce si\u0119 z niepe\u0142nosprawno\u015bci\u0105. To dla nich w\u0142a\u015bnie organizuje si\u0119 turnusy rehabilitacyjne, kt\u00f3re s\u0105 swoistym po\u0142\u0105czeniem leczenia i aktywnego wypoczynku. Skorzysta\u0107 z turnusu rehabilitacyjnego mo\u017ce ka\u017cda osoba posiadaj\u0105ca wa\u017cne orzeczenie &#8230; <span class=\"more\"><a class=\"more-link\" href=\"http:\/\/warto.pageblogi.pl\/?p=4377\">[Read more&#8230;]<\/a><\/span><\/p>\n","protected":false},"author":1,"featured_media":0,"comment_status":"closed","ping_status":"closed","sticky":false,"template":"","format":"standard","meta":[],"categories":[1],"tags":[],"_links":{"self":[{"href":"http:\/\/warto.pageblogi.pl\/index.php?rest_route=\/wp\/v2\/posts\/4377"}],"collection":[{"href":"http:\/\/warto.pageblogi.pl\/index.php?rest_route=\/wp\/v2\/posts"}],"about":[{"href":"http:\/\/warto.pageblogi.pl\/index.php?rest_route=\/wp\/v2\/types\/post"}],"author":[{"embeddable":true,"href":"http:\/\/warto.pageblogi.pl\/index.php?rest_route=\/wp\/v2\/users\/1"}],"replies":[{"embeddable":true,"href":"http:\/\/warto.pageblogi.pl\/index.php?rest_route=%2Fwp%2Fv2%2Fcomments&post=4377"}],"version-history":[{"count":1,"href":"http:\/\/warto.pageblogi.pl\/index.php?rest_route=\/wp\/v2\/posts\/4377\/revisions"}],"predecessor-version":[{"id":4378,"href":"http:\/\/warto.pageblogi.pl\/index.php?rest_route=\/wp\/v2\/posts\/4377\/revisions\/4378"}],"wp:attachment":[{"href":"http:\/\/warto.pageblogi.pl\/index.php?rest_route=%2Fwp%2Fv2%2Fmedia&parent=4377"}],"wp:term":[{"taxonomy":"category","embeddable":true,"href":"http:\/\/warto.pageblogi.pl\/index.php?rest_route=%2Fwp%2Fv2%2Fcategories&post=4377"},{"taxonomy":"post_tag","embeddable":true,"href":"http:\/\/warto.pageblogi.pl\/index.php?rest_route=%2Fwp%2Fv2%2Ftags&post=4377"}],"curies":[{"name":"wp","href":"https:\/\/api.w.org\/{rel}","templated":true}]}}