{"id":4424,"date":"2020-07-01T09:24:03","date_gmt":"2020-07-01T09:24:03","guid":{"rendered":"http:\/\/warto.pageblogi.pl\/?p=4424"},"modified":"2020-07-01T09:24:03","modified_gmt":"2020-07-01T09:24:03","slug":"jedziemy-w-bieszczady-3","status":"publish","type":"post","link":"http:\/\/warto.pageblogi.pl\/?p=4424","title":{"rendered":"Jedziemy w Bieszczady"},"content":{"rendered":"<p>Ka\u017cdy z nas chcia\u0142by sp\u0119dzi\u0107 w\u0142asne wakacje w mi\u0142ej atmosferze. W zale\u017cno\u015bci od pory roku kierunki mog\u0105 si\u0119 od siebie r\u00f3\u017cni\u0107. Jedni w okresie lata, wybieraj\u0105 jako ich kierunek miejscowo\u015bci nadmorskie.<!--more--><\/p>\n<p>  Drudzy z kolei w okresie zimowym, wol\u0105 sp\u0119dza\u0107 ten czas w naszych polskich g\u00f3rach. Rejonem, kt\u00f3ry niew\u0105tpliwie jest wart odwiedzenia, niezale\u017cnie od pory roku s\u0105 Bieszczady (wi\u0119cej informacji: <a href=\"http:\/\/www.owbystre.pl\/domki-w-bieszczadach\">Domki Pola\u0144czyk<\/a>). Organizuj\u0105c nasz wyjazd mamy du\u017cy wyb\u00f3r o\u015brodk\u00f3w, po\u0142o\u017conych na skraju, jak i te\u017c w samym centrum puszczy. Pokoje w Bieszczadach s\u0105 stosunkowo niedrogie. Jest to obszar, w kt\u00f3rym odnajdzie si\u0119 w\u0142a\u015bciwie ka\u017cdy z nas (sprawd\u017a te\u017c: <a href=\"http:\/\/www.owbystre.pl\/tag\/bieszczady-noclegi-tanie\">Bieszczady noclegi tanie<\/a>). Niezale\u017cnie, czy wybieramy si\u0119 tam sami czy ca\u0142\u0105 famili\u0105, w\u0142a\u015bciwie ka\u017cdy z nas znajdzie co\u015b odpowiedniego dla siebie. Powoduje to, \u017ce w\u0142a\u015bciwie ka\u017cdy nawet z najbardziej napi\u0119tym bud\u017cetem jest w stanie wybra\u0107 si\u0119 w eskapada, w\u0142a\u015bnie tam. Na 100 procent Noclegi w Bieszczadach b\u0119d\u0105 dla nas niesamowitym prze\u017cyciem. B\u0119d\u0105c w samym sercu puszczy bia\u0142owieskiej, natrafimy na ro\u015bliny i zwierz\u0119ta niespotykane w innych cz\u0119\u015bciach naszego kraju. Lasy w Bieszczadach s\u0105 domem obfitym w r\u00f3\u017cnorodn\u0105 faun\u0119. Jest to z ca\u0142kowit\u0105 czyli stu procentow\u0105 pewno\u015bci\u0105 rejon bardzo dobry, dla ka\u017cdego fana ro\u015blin jak i zwierz\u0105t. O\u015brodki Bieszczady s\u0105 tak\u017ce odpowiednie dla wszystkich amator\u00f3w fotografowanie. Krajobraz Bieszczad powoduje, \u017ce b\u0119d\u0105 oni mogli uchwyci\u0107 te przepi\u0119kne widoki na zdj\u0119ciu i b\u0119d\u0105 mogli tam poczu\u0107 si\u0119 jak ryba w wodzie. Niezale\u017cnie wi\u0119c od tego, czy moment naszego wyjazdu b\u0119dzie mia\u0142 miejsce w lutym czy sierpniu, z ca\u0142kowit\u0105 czyli stu procentow\u0105 pewno\u015bci\u0105 warto b\u0119dzie zrobi\u0107 sobie przerw\u0119 od corocznie odwiedzanego Ba\u0142tyku i uda\u0107 si\u0119 w Bieszczady.<br \/>\n<br \/>Polecam: <a href=\"http:\/\/www.owbystre.pl\">O\u015brodki Bieszczady<\/a>.<\/p>\n","protected":false},"excerpt":{"rendered":"<p>Ka\u017cdy z nas chcia\u0142by sp\u0119dzi\u0107 w\u0142asne wakacje w mi\u0142ej atmosferze. W zale\u017cno\u015bci od pory roku kierunki mog\u0105 si\u0119 od siebie r\u00f3\u017cni\u0107. Jedni w okresie lata, wybieraj\u0105 jako ich kierunek miejscowo\u015bci nadmorskie.<\/p>\n","protected":false},"author":1,"featured_media":0,"comment_status":"closed","ping_status":"closed","sticky":false,"template":"","format":"standard","meta":[],"categories":[1],"tags":[],"_links":{"self":[{"href":"http:\/\/warto.pageblogi.pl\/index.php?rest_route=\/wp\/v2\/posts\/4424"}],"collection":[{"href":"http:\/\/warto.pageblogi.pl\/index.php?rest_route=\/wp\/v2\/posts"}],"about":[{"href":"http:\/\/warto.pageblogi.pl\/index.php?rest_route=\/wp\/v2\/types\/post"}],"author":[{"embeddable":true,"href":"http:\/\/warto.pageblogi.pl\/index.php?rest_route=\/wp\/v2\/users\/1"}],"replies":[{"embeddable":true,"href":"http:\/\/warto.pageblogi.pl\/index.php?rest_route=%2Fwp%2Fv2%2Fcomments&post=4424"}],"version-history":[{"count":1,"href":"http:\/\/warto.pageblogi.pl\/index.php?rest_route=\/wp\/v2\/posts\/4424\/revisions"}],"predecessor-version":[{"id":4425,"href":"http:\/\/warto.pageblogi.pl\/index.php?rest_route=\/wp\/v2\/posts\/4424\/revisions\/4425"}],"wp:attachment":[{"href":"http:\/\/warto.pageblogi.pl\/index.php?rest_route=%2Fwp%2Fv2%2Fmedia&parent=4424"}],"wp:term":[{"taxonomy":"category","embeddable":true,"href":"http:\/\/warto.pageblogi.pl\/index.php?rest_route=%2Fwp%2Fv2%2Fcategories&post=4424"},{"taxonomy":"post_tag","embeddable":true,"href":"http:\/\/warto.pageblogi.pl\/index.php?rest_route=%2Fwp%2Fv2%2Ftags&post=4424"}],"curies":[{"name":"wp","href":"https:\/\/api.w.org\/{rel}","templated":true}]}}