{"id":4432,"date":"2020-07-02T08:24:05","date_gmt":"2020-07-02T08:24:05","guid":{"rendered":"http:\/\/warto.pageblogi.pl\/?p=4432"},"modified":"2020-07-02T08:24:05","modified_gmt":"2020-07-02T08:24:05","slug":"nowoczesny-montaz-roznych-instalacji","status":"publish","type":"post","link":"http:\/\/warto.pageblogi.pl\/?p=4432","title":{"rendered":"Nowoczesny monta\u017c r\u00f3\u017cnych instalacji"},"content":{"rendered":"<p>Ka\u017cda osoba, kt\u00f3ra poszukuje tego typu profesjonalist\u00f3w od tego tematu powinna ze staranno\u015bci\u0105 poczyta\u0107 poni\u017cszy artyku\u0142. Co powinno si\u0119 krok po kroku bra\u0107 po prostu pod w\u0142asn\u0105 uwag\u0119, aby zostali po prostu wybrani profesjonali\u015bci z tego konkretnego tematu? Warto zwr\u00f3ci\u0107 uwag\u0119 na aspekty, \u017ce s\u0105 na rynku profesjonali\u015bci, kt\u00f3rzy realizuj\u0105 og\u00f3lnie rzecz ujmuj\u0105c r\u00f3\u017cnego rodzaju zadania. Us\u0142ugi pod tym wzgl\u0119dem s\u0105 niewyobra\u017calnie uniwersalne.<!--more--><\/p>\n<p>  Wykonywany jest np monta\u017c wentylacji szczecin. Nie brakuje natomiast os\u00f3b, kt\u00f3re w zwi\u0105zku ze zbli\u017caj\u0105cym si\u0119 wielkimi krokami okresem letnim pragn\u0105 zwyczajnie zdecydowa\u0107 si\u0119 na pomoc ekspert\u00f3w od tego w\u0142a\u015bnie konkretnego tematu. Trzeba zwr\u00f3ci\u0107 uwag\u0119 mi\u0119dzy innymi na takie aspekty, \u017ce s\u0105 na rynku de fakto dobrej jako\u015bci profesjonali\u015bci, kt\u00f3rzy realizuj\u0105 monta\u017c wentylacji szczecin&#8230; Jak natomiast ich wybiera\u0107? Co zrobi\u0107, a\u017ceby zdecydowa\u0107 si\u0119 tutaj na profesjonalist\u00f3w z prawdziwego zdarzenia, a nie na amator\u00f3w? Prawdopodobnie nikogo nie powinno si\u0119 przekonywa\u0107, \u017ce na samym pocz\u0105tku powinno si\u0119 zwraca\u0107 uwag\u0119 na takie kwestie, kt\u00f3re s\u0105 zwi\u0105zane z do\u015bwiadczeniem (\u017ar\u00f3d\u0142o informacji: <a href=\"https:\/\/klimatyzacje-wentylacje.pl\/klimatyzacje\/wentylacja\">odzysk ciep\u0142a szczecin<\/a>). Najlepiej a tak\u017ce jednocze\u015bnie najbardziej bezpiecznie b\u0119dzie w\u00f3wczas, kiedy monta\u017c wentylacji szczecin b\u0119dzie wykonywany przez profesjonalist\u00f3w o stosownie d\u0142ugim sta\u017cu na rynku. O jakich jeszcze kwestiach nie powinno si\u0119 pod \u017cadnym wzgl\u0119dem zapomina\u0107? Powinno si\u0119 zwr\u00f3ci\u0107 uwag\u0119 na aspekty, \u017ce oczywi\u015bcie spece powinni by\u0107 wybierani te\u017c pod wzgl\u0119dem oferowanych us\u0142ug. Profesjonali\u015bci maj\u0105 dobre opinie. Realizuj\u0105 tak\u017ce urozmaicone us\u0142ugi. To te\u017c na przyk\u0142ad monta\u017c rekupuracji szczecin. Warto o tym pami\u0119ta\u0107. Nie tylko jednak monta\u017c rekupuracji szczecin jest realizowany przez dobrych profesjonalist\u00f3w.<br \/>\n<br \/>\u0179r\u00f3d\u0142o: <a href=\"https:\/\/klimatyzacje-wentylacje.pl\/pompy-ciepla\/uslugi-elektryczne\">pod\u0142\u0105czenia urz\u0105dze\u0144 elektrycznych z podbiciem karty gwarancyjnej szczecin<\/a>.<\/p>\n","protected":false},"excerpt":{"rendered":"<p>Ka\u017cda osoba, kt\u00f3ra poszukuje tego typu profesjonalist\u00f3w od tego tematu powinna ze staranno\u015bci\u0105 poczyta\u0107 poni\u017cszy artyku\u0142. Co powinno si\u0119 krok po kroku bra\u0107 po prostu pod w\u0142asn\u0105 uwag\u0119, aby zostali po prostu wybrani profesjonali\u015bci z tego konkretnego tematu? Warto zwr\u00f3ci\u0107 uwag\u0119 na aspekty, \u017ce s\u0105 na rynku profesjonali\u015bci, kt\u00f3rzy realizuj\u0105 og\u00f3lnie rzecz ujmuj\u0105c r\u00f3\u017cnego rodzaju &#8230; <span class=\"more\"><a class=\"more-link\" href=\"http:\/\/warto.pageblogi.pl\/?p=4432\">[Read more&#8230;]<\/a><\/span><\/p>\n","protected":false},"author":1,"featured_media":0,"comment_status":"closed","ping_status":"closed","sticky":false,"template":"","format":"standard","meta":[],"categories":[1],"tags":[],"_links":{"self":[{"href":"http:\/\/warto.pageblogi.pl\/index.php?rest_route=\/wp\/v2\/posts\/4432"}],"collection":[{"href":"http:\/\/warto.pageblogi.pl\/index.php?rest_route=\/wp\/v2\/posts"}],"about":[{"href":"http:\/\/warto.pageblogi.pl\/index.php?rest_route=\/wp\/v2\/types\/post"}],"author":[{"embeddable":true,"href":"http:\/\/warto.pageblogi.pl\/index.php?rest_route=\/wp\/v2\/users\/1"}],"replies":[{"embeddable":true,"href":"http:\/\/warto.pageblogi.pl\/index.php?rest_route=%2Fwp%2Fv2%2Fcomments&post=4432"}],"version-history":[{"count":1,"href":"http:\/\/warto.pageblogi.pl\/index.php?rest_route=\/wp\/v2\/posts\/4432\/revisions"}],"predecessor-version":[{"id":4433,"href":"http:\/\/warto.pageblogi.pl\/index.php?rest_route=\/wp\/v2\/posts\/4432\/revisions\/4433"}],"wp:attachment":[{"href":"http:\/\/warto.pageblogi.pl\/index.php?rest_route=%2Fwp%2Fv2%2Fmedia&parent=4432"}],"wp:term":[{"taxonomy":"category","embeddable":true,"href":"http:\/\/warto.pageblogi.pl\/index.php?rest_route=%2Fwp%2Fv2%2Fcategories&post=4432"},{"taxonomy":"post_tag","embeddable":true,"href":"http:\/\/warto.pageblogi.pl\/index.php?rest_route=%2Fwp%2Fv2%2Ftags&post=4432"}],"curies":[{"name":"wp","href":"https:\/\/api.w.org\/{rel}","templated":true}]}}