{"id":4460,"date":"2020-07-04T10:06:03","date_gmt":"2020-07-04T10:06:03","guid":{"rendered":"http:\/\/warto.pageblogi.pl\/?p=4460"},"modified":"2020-07-04T10:06:03","modified_gmt":"2020-07-04T10:06:03","slug":"pfron-kolobrzeg-2","status":"publish","type":"post","link":"http:\/\/warto.pageblogi.pl\/?p=4460","title":{"rendered":"PFRON Ko\u0142obrzeg"},"content":{"rendered":"<p>Woda ma bajecznie efektywn\u0105 moc. Wie o tym znacz\u0105ca wi\u0119kszo\u015b\u0107 ludzi, kt\u00f3rzy tak bardzo ch\u0119tnie wybieraj\u0105 nadmorskie kurorty jako miejsce letniego wypoczynku. Umo\u017cliwia na ca\u0142kowity wypoczynek a tak\u017ce regeneracj\u0119 organizmu.<!--more--><\/p>\n<p>  Warto skorzysta\u0107 z szerokiej oferty rehabilitacji nad morzem, dzi\u0119ki kt\u00f3rej mo\u017cna w przyjemny spos\u00f3b wp\u0142yn\u0105\u0107 na w\u0142asn\u0105 kondycj\u0119 psychiczn\u0105 a tak\u017ce fizyczn\u0105. To sposobno\u015b\u0107 aktywnego wypoczynku w doskona\u0142ych okoliczno\u015bciach przyrody przez ca\u0142e 356 dni w roku. Turnusy rehabilitacyjne PFRON odbywaj\u0105 si\u0119 w zorganizowanych grupach, kt\u00f3re sk\u0142adaj\u0105 si\u0119 z os\u00f3b o podobnych potrzebach pod k\u0105tem wykonywanej rehabilitacji. S\u0105 to najcz\u0119\u015bciej grupy z\u0142o\u017cone z oko\u0142o 20 uczestnik\u00f3w. W\u0142a\u015bciwie ka\u017cdy turnus trwa nie mniej ni\u017c 14 dni, czyli dwa tygodnie. Doskona\u0142a kadra profesjonalist\u00f3w sprawia, \u017ce grupy maj\u0105 z du\u017c\u0105 dok\u0142adno\u015bci\u0105 opracowany program zaj\u0119\u0107, jaki jest precyzyjnie dopasowany do potrzeb os\u00f3b uczestnicz\u0105cych. Bardzo du\u017cym wyr\u00f3\u017cnikiem turnus\u00f3w rehabilitacyjnych PFRON jest ich lokalizacja. Blisko\u015b\u0107 do Morza Ba\u0142tyckiego przyci\u0105ga coraz wi\u0119cej kuracjuszy, kt\u00f3rzy to w\u0142a\u015bnie na polskim wybrze\u017cu pragn\u0105 zrelaksowa\u0107 si\u0119 a tak\u017ce zadba\u0107 o w\u0142asne zdrowie. Sanatorium Ko\u0142obrzeg umo\u017cliwia wszystkim go\u015bciom u\u017cytkowanie z szerokiej oferty zabieg\u00f3w w atrakcyjnym nadmorskim s\u0105siedztwie. To nie tylko i wy\u0142\u0105cznie kompleksowa opieka w trakcie rehabilitacji, ale te\u017c sposobno\u015b\u0107 aktywnego wypoczynku poza ni\u0105. Miasto ma sporo do zaoferowania wszystkim turystom, organizuj\u0105c atrakcje zar\u00f3wno w ci\u0105gu dnia, jak i wieczorem. Bardzo dogodna siatka po\u0142\u0105cze\u0144 sprawia, \u017ce ka\u017cdy dojedzie do sanatorium Ko\u0142obrzeg bez najmniejszego problemu.\u00a0<br \/>\n<br \/>\u0179r\u00f3d\u0142o: <a href=\"http:\/\/www.owproton.pl\/turnusy-rehabilitacyjne-kolobrzeg\">turnusy rehabilitacyjne PFRON<\/a>.<\/p>\n","protected":false},"excerpt":{"rendered":"<p>Woda ma bajecznie efektywn\u0105 moc. Wie o tym znacz\u0105ca wi\u0119kszo\u015b\u0107 ludzi, kt\u00f3rzy tak bardzo ch\u0119tnie wybieraj\u0105 nadmorskie kurorty jako miejsce letniego wypoczynku. Umo\u017cliwia na ca\u0142kowity wypoczynek a tak\u017ce regeneracj\u0119 organizmu.<\/p>\n","protected":false},"author":1,"featured_media":0,"comment_status":"closed","ping_status":"closed","sticky":false,"template":"","format":"standard","meta":[],"categories":[1],"tags":[],"_links":{"self":[{"href":"http:\/\/warto.pageblogi.pl\/index.php?rest_route=\/wp\/v2\/posts\/4460"}],"collection":[{"href":"http:\/\/warto.pageblogi.pl\/index.php?rest_route=\/wp\/v2\/posts"}],"about":[{"href":"http:\/\/warto.pageblogi.pl\/index.php?rest_route=\/wp\/v2\/types\/post"}],"author":[{"embeddable":true,"href":"http:\/\/warto.pageblogi.pl\/index.php?rest_route=\/wp\/v2\/users\/1"}],"replies":[{"embeddable":true,"href":"http:\/\/warto.pageblogi.pl\/index.php?rest_route=%2Fwp%2Fv2%2Fcomments&post=4460"}],"version-history":[{"count":1,"href":"http:\/\/warto.pageblogi.pl\/index.php?rest_route=\/wp\/v2\/posts\/4460\/revisions"}],"predecessor-version":[{"id":4461,"href":"http:\/\/warto.pageblogi.pl\/index.php?rest_route=\/wp\/v2\/posts\/4460\/revisions\/4461"}],"wp:attachment":[{"href":"http:\/\/warto.pageblogi.pl\/index.php?rest_route=%2Fwp%2Fv2%2Fmedia&parent=4460"}],"wp:term":[{"taxonomy":"category","embeddable":true,"href":"http:\/\/warto.pageblogi.pl\/index.php?rest_route=%2Fwp%2Fv2%2Fcategories&post=4460"},{"taxonomy":"post_tag","embeddable":true,"href":"http:\/\/warto.pageblogi.pl\/index.php?rest_route=%2Fwp%2Fv2%2Ftags&post=4460"}],"curies":[{"name":"wp","href":"https:\/\/api.w.org\/{rel}","templated":true}]}}