{"id":4663,"date":"2020-07-25T19:47:03","date_gmt":"2020-07-25T19:47:03","guid":{"rendered":"http:\/\/warto.pageblogi.pl\/?p=4663"},"modified":"2020-07-25T19:47:03","modified_gmt":"2020-07-25T19:47:03","slug":"profesjonalna-korekcja-racic","status":"publish","type":"post","link":"http:\/\/warto.pageblogi.pl\/?p=4663","title":{"rendered":"Profesjonalna korekcja racic"},"content":{"rendered":"<p>Bardzo du\u017co Obywateli polski decyduje si\u0119 na pomoc specjalist\u00f3w wykonuj\u0105cych ka\u017cdego dnia tego rodzaju konkretne zadania. Co jednak\u017ce charakteryzuje osoby, kt\u00f3re zajmuj\u0105 si\u0119 tym w\u0142a\u015bnie konkretnym zagadnieniem? Jak korekcja racic jest tak naprawd\u0119 wykonywana og\u00f3lnie w praktyce? Generalnie na terenie naszego kraju nie brakuje realnie ludzi, kt\u00f3rzy zastanawiaj\u0105 si\u0119, jak to mo\u017cna wszystko jest po prostu realizowane krok po kroku od tak zwanej kuchni. Fachowa korekcja racic musi by\u0107 po prostu realizowana przez takie osoby, kt\u00f3re naprawd\u0119 pod wieloma wzgl\u0119dami bardzo dobrze znaj\u0105 si\u0119 na tej konkretnej tematyce.<!--more--><\/p>\n<p>  Profesjonalna korekcja racic u kr\u00f3w powinna by\u0107 wykonywana w g\u0142\u00f3wnej mierze przez osoby, kt\u00f3re mog\u0105 pochwali\u0107 si\u0119 tym, \u017ce uko\u0144czy\u0142y odpowiednie studia &#8211; np na takim kierunku, jak weterynaria. Oczywi\u015bcie liczy si\u0119 tutaj nie tylko wiedza teoretyczna, niemniej jednak g\u0142\u00f3wnie wiedza praktyczna oraz do\u015bwiadczenie. Co jest jeszcze istotne, by zosta\u0142a wybrana dobrze dopasowana korekcja racic w zrobieniu prawdziwych specjalist\u00f3w? Co jeszcze powinno by\u0107 przetestowane? Jeste\u015bmy przekonani do takiego aspektu, \u017ce korekcja racic u kr\u00f3w powinna by\u0107 zwyczajnie wybrana zauwa\u017caj\u0105c r\u00f3wnie\u017c oferowane warunki finansowe, a tak\u017ce dost\u0119pne terminy. Niekt\u00f3rym zale\u017cy na tym, aby fachowcy relatywnie bardzo szybko uporali si\u0119 z wykonaniem tego konkretnego zadania. Pami\u0119tajcie, \u017ce fachowcy maj\u0105 za\u015b zaj\u0119te terminy na kilka dni do przodu. Wobec powy\u017cszego swego rodzaju powinno si\u0119 uzbroi\u0107 si\u0119 w cierpliwo\u015b\u0107 i tym podobne. De fakto jednak\u017ce warto, bo potem zadanie jest wykonywane zgodnie ze wszelkimi normami.<br \/>\n<br \/>Zobacz: <a href=\"http:\/\/www.korekcja-racic.pl\">korekcja racic u byd\u0142a<\/a>.<\/p>\n","protected":false},"excerpt":{"rendered":"<p>Bardzo du\u017co Obywateli polski decyduje si\u0119 na pomoc specjalist\u00f3w wykonuj\u0105cych ka\u017cdego dnia tego rodzaju konkretne zadania. Co jednak\u017ce charakteryzuje osoby, kt\u00f3re zajmuj\u0105 si\u0119 tym w\u0142a\u015bnie konkretnym zagadnieniem? Jak korekcja racic jest tak naprawd\u0119 wykonywana og\u00f3lnie w praktyce? Generalnie na terenie naszego kraju nie brakuje realnie ludzi, kt\u00f3rzy zastanawiaj\u0105 si\u0119, jak to mo\u017cna wszystko jest po &#8230; <span class=\"more\"><a class=\"more-link\" href=\"http:\/\/warto.pageblogi.pl\/?p=4663\">[Read more&#8230;]<\/a><\/span><\/p>\n","protected":false},"author":1,"featured_media":0,"comment_status":"closed","ping_status":"closed","sticky":false,"template":"","format":"standard","meta":[],"categories":[1],"tags":[],"_links":{"self":[{"href":"http:\/\/warto.pageblogi.pl\/index.php?rest_route=\/wp\/v2\/posts\/4663"}],"collection":[{"href":"http:\/\/warto.pageblogi.pl\/index.php?rest_route=\/wp\/v2\/posts"}],"about":[{"href":"http:\/\/warto.pageblogi.pl\/index.php?rest_route=\/wp\/v2\/types\/post"}],"author":[{"embeddable":true,"href":"http:\/\/warto.pageblogi.pl\/index.php?rest_route=\/wp\/v2\/users\/1"}],"replies":[{"embeddable":true,"href":"http:\/\/warto.pageblogi.pl\/index.php?rest_route=%2Fwp%2Fv2%2Fcomments&post=4663"}],"version-history":[{"count":1,"href":"http:\/\/warto.pageblogi.pl\/index.php?rest_route=\/wp\/v2\/posts\/4663\/revisions"}],"predecessor-version":[{"id":4664,"href":"http:\/\/warto.pageblogi.pl\/index.php?rest_route=\/wp\/v2\/posts\/4663\/revisions\/4664"}],"wp:attachment":[{"href":"http:\/\/warto.pageblogi.pl\/index.php?rest_route=%2Fwp%2Fv2%2Fmedia&parent=4663"}],"wp:term":[{"taxonomy":"category","embeddable":true,"href":"http:\/\/warto.pageblogi.pl\/index.php?rest_route=%2Fwp%2Fv2%2Fcategories&post=4663"},{"taxonomy":"post_tag","embeddable":true,"href":"http:\/\/warto.pageblogi.pl\/index.php?rest_route=%2Fwp%2Fv2%2Ftags&post=4663"}],"curies":[{"name":"wp","href":"https:\/\/api.w.org\/{rel}","templated":true}]}}