{"id":4695,"date":"2020-07-31T21:00:04","date_gmt":"2020-07-31T21:00:04","guid":{"rendered":"http:\/\/warto.pageblogi.pl\/?p=4695"},"modified":"2020-07-31T21:00:04","modified_gmt":"2020-07-31T21:00:04","slug":"bezpieczne-kosmetyki-ekologiczne","status":"publish","type":"post","link":"http:\/\/warto.pageblogi.pl\/?p=4695","title":{"rendered":"Bezpieczne kosmetyki ekologiczne"},"content":{"rendered":"<p>Profesjonalnie dzia\u0142aj\u0105ce kosmetyki ekologiczne s\u0105 przez Was ostatnio poszukiwane? Wielu Polak\u00f3w decyduje si\u0119 na produkty tego konkretnego typu. Ekologiczne kosmetyki nieprzypadkowo s\u0105 jednak\u017ce tak najcz\u0119\u015bciej a tak\u017ce bardzo ch\u0119tnie kupowane. Co odr\u00f3\u017cnia og\u00f3lnie rzecz bior\u0105c produkty z tej w\u0142a\u015bnie dok\u0142adnie okre\u015blonej dziedzinie? Dlaczego nie narzekaj\u0105 one na brak zainteresowania? Powinno si\u0119 zwr\u00f3ci\u0107 uwag\u0119 na pewno na takie aspekty, \u017ce mo\u017cna liczy\u0107 na bardzo skuteczne dzia\u0142anie.<!--more--><\/p>\n<p>  Ekologiczne kosmetyki Larens znakomicie si\u0119 do tego nadaj\u0105 (sprawd\u017a: <a href=\"https:\/\/biosna.pl\/pl\/sklep\/producent\/larens-kosmetyki.html\">Ekologiczne kosmetyki<\/a>). Co powinno si\u0119 wiedzie\u0107 odno\u015bnie tych towar\u00f3w? Dlaczego maj\u0105 tak\u0105 du\u017c\u0105 popularno\u015b\u0107 w obr\u0119bie dzisiejszych czas\u00f3w? Na pewno produkty typu Larens to nie tylko wyj\u0105tkowo efektywne dzia\u0142anie. Od razu nale\u017cy zauwa\u017cy\u0107, \u017ce dzi\u0119ki temu mo\u017cna po prostu pozytywnie zadba\u0107 o sw\u00f3j wygl\u0105d oraz o lepsze samopoczucie. Mo\u017cna te\u017c w pewnym stopniu zahamowa\u0107 proces starzenia si\u0119 sk\u00f3ry itp. Co jeszcze odr\u00f3\u017cnia produkty tego konkretnego typu? Ekologiczne kosmetyki s\u0105 nie tylko i wy\u0142\u0105cznie skuteczne, ale r\u00f3wnie\u017c w pe\u0142ni bezpieczne (dodatkowe informacje: <a href=\"https:\/\/biosna.pl\/pl\/sklep\/producent\/nutrivi-witaminy-aminokwasy-peptydy.html\">Nutrivi<\/a>). To jednak znaczy, \u017ce nie powoduj\u0105 na przyk\u0142ad skutk\u00f3w ubocznych w postaci alergii lub wysypek na sk\u00f3rze i tym podobne. Opr\u00f3cz tego osoby zainteresowane takimi kosmetykami mog\u0105 zdecydowa\u0107 si\u0119 de fakto na rozmaite elementy. Jakie? Np do piel\u0119gnacji twarzy. Podobnie, jak do piel\u0119gnacji ca\u0142ego cia\u0142a albo jedynie d\u0142oni i tym podobne. Wyboru zatem jest mn\u00f3stwo i bez w\u0105tpienia ludzie bardzo ch\u0119tnie si\u0119 na to wszystko decyduj\u0105, gdy\u017c maj\u0105 \u015bwiadomo\u015b\u0107, i\u017c to generalnie bardzo dobra inwestycja.<br \/>\n<br \/>Wi\u0119cej informacji na stronie: <a href=\"https:\/\/biosna.pl\">Ekologiczne kosmetyki<\/a>.<\/p>\n","protected":false},"excerpt":{"rendered":"<p>Profesjonalnie dzia\u0142aj\u0105ce kosmetyki ekologiczne s\u0105 przez Was ostatnio poszukiwane? Wielu Polak\u00f3w decyduje si\u0119 na produkty tego konkretnego typu. Ekologiczne kosmetyki nieprzypadkowo s\u0105 jednak\u017ce tak najcz\u0119\u015bciej a tak\u017ce bardzo ch\u0119tnie kupowane. Co odr\u00f3\u017cnia og\u00f3lnie rzecz bior\u0105c produkty z tej w\u0142a\u015bnie dok\u0142adnie okre\u015blonej dziedzinie? Dlaczego nie narzekaj\u0105 one na brak zainteresowania? Powinno si\u0119 zwr\u00f3ci\u0107 uwag\u0119 na pewno &#8230; <span class=\"more\"><a class=\"more-link\" href=\"http:\/\/warto.pageblogi.pl\/?p=4695\">[Read more&#8230;]<\/a><\/span><\/p>\n","protected":false},"author":1,"featured_media":0,"comment_status":"closed","ping_status":"closed","sticky":false,"template":"","format":"standard","meta":[],"categories":[1],"tags":[],"_links":{"self":[{"href":"http:\/\/warto.pageblogi.pl\/index.php?rest_route=\/wp\/v2\/posts\/4695"}],"collection":[{"href":"http:\/\/warto.pageblogi.pl\/index.php?rest_route=\/wp\/v2\/posts"}],"about":[{"href":"http:\/\/warto.pageblogi.pl\/index.php?rest_route=\/wp\/v2\/types\/post"}],"author":[{"embeddable":true,"href":"http:\/\/warto.pageblogi.pl\/index.php?rest_route=\/wp\/v2\/users\/1"}],"replies":[{"embeddable":true,"href":"http:\/\/warto.pageblogi.pl\/index.php?rest_route=%2Fwp%2Fv2%2Fcomments&post=4695"}],"version-history":[{"count":1,"href":"http:\/\/warto.pageblogi.pl\/index.php?rest_route=\/wp\/v2\/posts\/4695\/revisions"}],"predecessor-version":[{"id":4696,"href":"http:\/\/warto.pageblogi.pl\/index.php?rest_route=\/wp\/v2\/posts\/4695\/revisions\/4696"}],"wp:attachment":[{"href":"http:\/\/warto.pageblogi.pl\/index.php?rest_route=%2Fwp%2Fv2%2Fmedia&parent=4695"}],"wp:term":[{"taxonomy":"category","embeddable":true,"href":"http:\/\/warto.pageblogi.pl\/index.php?rest_route=%2Fwp%2Fv2%2Fcategories&post=4695"},{"taxonomy":"post_tag","embeddable":true,"href":"http:\/\/warto.pageblogi.pl\/index.php?rest_route=%2Fwp%2Fv2%2Ftags&post=4695"}],"curies":[{"name":"wp","href":"https:\/\/api.w.org\/{rel}","templated":true}]}}