{"id":4760,"date":"2020-08-08T05:54:03","date_gmt":"2020-08-08T05:54:03","guid":{"rendered":"http:\/\/warto.pageblogi.pl\/?p=4760"},"modified":"2020-08-08T05:54:03","modified_gmt":"2020-08-08T05:54:03","slug":"bardzo-profesjonalna-ochrona-przed-koronawirusem","status":"publish","type":"post","link":"http:\/\/warto.pageblogi.pl\/?p=4760","title":{"rendered":"Bardzo profesjonalna ochrona przed koronawirusem"},"content":{"rendered":"<p>Ewidentnie macie problem zwi\u0105zany z tym aspektem? Co wi\u0119c powinno si\u0119 zwyczajnie wzi\u0105\u0107 pod swoj\u0105 uwag\u0119, by zdecydowa\u0107 si\u0119 na dobrej jako\u015bci fachowc\u00f3w od tego konkretnego zagadnienia? Fachowa ochrona przed koronawirusem Was w\u0142a\u015bnie aktualnie interesuje? Powinno si\u0119 zwr\u00f3ci\u0107 uwag\u0119 mi\u0119dzy innymi na taki czynnik, \u017ce ochrona przed koronawirusem gda\u0144sk jest zwyczajnie realizowana przez specjalist\u00f3w z najwy\u017cszej p\u00f3\u0142ki a tak\u017ce przez ekspert\u00f3w z prawdziwego zdarzenia tego konkretnego tematu. <!--more--><\/p>\n<p> Czym natomiast odr\u00f3\u017cniaj\u0105 si\u0119 realnie specjali\u015bci, kt\u00f3rzy zajmuj\u0105 si\u0119 tym konkretnym zagadnieniem? Na samym pocz\u0105tku powinno si\u0119 zaznaczy\u0107, \u017ce mo\u017cna po prostu liczy\u0107 na to, i\u017c wszystko b\u0119dziemy realizowane ca\u0142kowicie profesjonalnie. Jest to mo\u017cliwe, poniewa\u017c fachowcy posiadaj\u0105 nale\u017cycie bardzo du\u017co wiedzy nie tylko teoretycznej, ale tak\u017ce tej praktycznej w zwi\u0105zku z tym tematem. Co jednak\u017ce powoduje, \u017ce ochrona przed koronawirusem gda\u0144sk jest realizowana niebywale ze staranno\u015bci\u0105 a tak\u017ce szalenie z du\u017c\u0105 uwag\u0105? O czym jeszcze nie nale\u017cy tak de fakto pod \u017cadnym wzgl\u0119dem zapomina\u0107? Jeste\u015bmy przekonani do takiego aspektu, \u017ce profesjonalna, ale jednocze\u015bnie skuteczna ochrona przed koronawirusem inowroc\u0142aw powinna by\u0107 realizowana przez takich ekspert\u00f3w posiadaj\u0105cych te\u017c przysz\u0142o\u015bciowe sprz\u0119ty (dodatkowe informacje: <a href=\"http:\/\/www.kobra-ddd.pl\/ochrona-przed-covid-19-gdansk.php\">ozonowanie obiekt\u00f3w mieszka\u0144 na koronowirus inowroc\u0142aw<\/a>). Dzi\u0119ki temu mo\u017cna zapewni\u0107 sobie odpowiedni\u0105 ochron\u0119 przed tym gro\u017anym sk\u0142adnikiem &#8211; i to tak realnie zauwa\u017caj\u0105c rozmaite lokalizacje (sprawd\u017a te\u017c: <a href=\"http:\/\/www.kobra-ddd.pl\/covid-19-inowroclaw.php\">koronawirus inowroc\u0142aw<\/a>). Coraz wi\u0119cej os\u00f3b zdaje sobie spraw\u0119 z tego aspektu. Nikt tego zatem w og\u00f3le nie bagatelizuje. Dlatego w\u0142a\u015bnie ochrona przed koronawirusem inowroc\u0142aw jest wybierana tak bardzo starannie.<br \/>\n<br \/>Zobacz wi\u0119cej: <a href=\"http:\/\/www.kobra-ddd.pl\">ochrona przed COVID-19 inowroc\u0142aw<\/a>.<\/p>\n","protected":false},"excerpt":{"rendered":"<p>Ewidentnie macie problem zwi\u0105zany z tym aspektem? Co wi\u0119c powinno si\u0119 zwyczajnie wzi\u0105\u0107 pod swoj\u0105 uwag\u0119, by zdecydowa\u0107 si\u0119 na dobrej jako\u015bci fachowc\u00f3w od tego konkretnego zagadnienia? Fachowa ochrona przed koronawirusem Was w\u0142a\u015bnie aktualnie interesuje? Powinno si\u0119 zwr\u00f3ci\u0107 uwag\u0119 mi\u0119dzy innymi na taki czynnik, \u017ce ochrona przed koronawirusem gda\u0144sk jest zwyczajnie realizowana przez specjalist\u00f3w z &#8230; <span class=\"more\"><a class=\"more-link\" href=\"http:\/\/warto.pageblogi.pl\/?p=4760\">[Read more&#8230;]<\/a><\/span><\/p>\n","protected":false},"author":1,"featured_media":0,"comment_status":"closed","ping_status":"closed","sticky":false,"template":"","format":"standard","meta":[],"categories":[1],"tags":[],"_links":{"self":[{"href":"http:\/\/warto.pageblogi.pl\/index.php?rest_route=\/wp\/v2\/posts\/4760"}],"collection":[{"href":"http:\/\/warto.pageblogi.pl\/index.php?rest_route=\/wp\/v2\/posts"}],"about":[{"href":"http:\/\/warto.pageblogi.pl\/index.php?rest_route=\/wp\/v2\/types\/post"}],"author":[{"embeddable":true,"href":"http:\/\/warto.pageblogi.pl\/index.php?rest_route=\/wp\/v2\/users\/1"}],"replies":[{"embeddable":true,"href":"http:\/\/warto.pageblogi.pl\/index.php?rest_route=%2Fwp%2Fv2%2Fcomments&post=4760"}],"version-history":[{"count":1,"href":"http:\/\/warto.pageblogi.pl\/index.php?rest_route=\/wp\/v2\/posts\/4760\/revisions"}],"predecessor-version":[{"id":4761,"href":"http:\/\/warto.pageblogi.pl\/index.php?rest_route=\/wp\/v2\/posts\/4760\/revisions\/4761"}],"wp:attachment":[{"href":"http:\/\/warto.pageblogi.pl\/index.php?rest_route=%2Fwp%2Fv2%2Fmedia&parent=4760"}],"wp:term":[{"taxonomy":"category","embeddable":true,"href":"http:\/\/warto.pageblogi.pl\/index.php?rest_route=%2Fwp%2Fv2%2Fcategories&post=4760"},{"taxonomy":"post_tag","embeddable":true,"href":"http:\/\/warto.pageblogi.pl\/index.php?rest_route=%2Fwp%2Fv2%2Ftags&post=4760"}],"curies":[{"name":"wp","href":"https:\/\/api.w.org\/{rel}","templated":true}]}}