{"id":4791,"date":"2020-08-10T14:56:04","date_gmt":"2020-08-10T14:56:04","guid":{"rendered":"http:\/\/warto.pageblogi.pl\/?p=4791"},"modified":"2020-08-10T14:56:04","modified_gmt":"2020-08-10T14:56:04","slug":"bardzo-profesjonalny-salon-kosmetyczny","status":"publish","type":"post","link":"http:\/\/warto.pageblogi.pl\/?p=4791","title":{"rendered":"Bardzo profesjonalny salon kosmetyczny"},"content":{"rendered":"<p>Eksperci, kt\u00f3rzy prowadz\u0105 tego rodzaju w\u0142a\u015bnie dok\u0142adnie sprecyzowane lokalizacje nie narzekaj\u0105 og\u00f3lnie rzecz bior\u0105c na brak zainteresowania &#8211; i to tak de fakto przez ca\u0142e 356 dni w roku kalendarzowy, poniewa\u017c nie brakuje im Klient\u00f3w. Nale\u017cy zwr\u00f3ci\u0107 uwag\u0119 mi\u0119dzy innymi na taki czynnik, \u017ce dobrej jako\u015bci salon kosmetyczny tego konkretnego typu musi by\u0107 natomiast w rzeczywisto\u015bci bardzo profesjonalny. W\u00f3wczas b\u0119dzie mo\u017cna pozyska\u0107 odpowiednie obroty przez 12 miesi\u0119cy podczas trwania roku kalendarzowego nie.<!--more--><\/p>\n<p>  Trzeba zwr\u00f3ci\u0107 uwag\u0119 mi\u0119dzy innymi na takie aspekty, \u017ce dobrej jako\u015bci salon kosmetyczny lublin dzia\u0142a zwyczajnie w ramach tego konkretnego tematu ju\u017c bardzo d\u0142ugo. \u0141atwo wi\u0119c mo\u017cna doj\u015b\u0107 do przekonania oraz domy\u015bli\u0107 si\u0119, \u017ce po prostu mo\u017cna bez \u017cadnego k\u0142opotu postawi\u0107 po prostu na wsparcie profesjonalist\u00f3w wykonuj\u0105cych w\u0142asne us\u0142ugi ju\u017c od relatywnie d\u0142ugiego czasu. Co odznacza adekwatnej jako\u015bci podmioty? Profesjonalny salon kosmetyczny lublin jest rzeczywi\u015bcie \u015bwietnie oceniany dbaj\u0105c o r\u00f3\u017cnego rodzaju opinie ze strony Klientek. Recenzja na temat takiego miejsca s\u0105 w rzeczywisto\u015bci bardzo dobre. O jakich jeszcze czynnikach pod \u017cadnym wzgl\u0119dem nie nale\u017cy zapomina\u0107? Jeste\u015bmy przekonani do takiego aspektu, \u017ce dobrej jako\u015bci kosmetyczka lublin, kt\u00f3ra tam zwyczajnie pracuje powinna posiada\u0107 wszystkie najwa\u017cniejsze kwalifikacje. Liczy si\u0119 zatem na pewno du\u017ca wiedza teoretyczna a tak\u017ce du\u017ca wiedza praktyczna. Czym jeszcze charakteryzuje si\u0119 adekwatnej klasy kosmetyczka lublin? Jest to tak\u017ce osoba, kt\u00f3ra regularnie koryguje swoje kwalifikacje oraz potrafi wykonywa\u0107 rozmaite us\u0142ugi.<br \/>\n<br \/>Zobacz tak\u017ce: <a href=\"https:\/\/www.fancylady.pl\">paznokcie lublin<\/a>.<\/p>\n","protected":false},"excerpt":{"rendered":"<p>Eksperci, kt\u00f3rzy prowadz\u0105 tego rodzaju w\u0142a\u015bnie dok\u0142adnie sprecyzowane lokalizacje nie narzekaj\u0105 og\u00f3lnie rzecz bior\u0105c na brak zainteresowania &#8211; i to tak de fakto przez ca\u0142e 356 dni w roku kalendarzowy, poniewa\u017c nie brakuje im Klient\u00f3w. Nale\u017cy zwr\u00f3ci\u0107 uwag\u0119 mi\u0119dzy innymi na taki czynnik, \u017ce dobrej jako\u015bci salon kosmetyczny tego konkretnego typu musi by\u0107 natomiast w &#8230; <span class=\"more\"><a class=\"more-link\" href=\"http:\/\/warto.pageblogi.pl\/?p=4791\">[Read more&#8230;]<\/a><\/span><\/p>\n","protected":false},"author":1,"featured_media":0,"comment_status":"closed","ping_status":"closed","sticky":false,"template":"","format":"standard","meta":[],"categories":[1],"tags":[],"_links":{"self":[{"href":"http:\/\/warto.pageblogi.pl\/index.php?rest_route=\/wp\/v2\/posts\/4791"}],"collection":[{"href":"http:\/\/warto.pageblogi.pl\/index.php?rest_route=\/wp\/v2\/posts"}],"about":[{"href":"http:\/\/warto.pageblogi.pl\/index.php?rest_route=\/wp\/v2\/types\/post"}],"author":[{"embeddable":true,"href":"http:\/\/warto.pageblogi.pl\/index.php?rest_route=\/wp\/v2\/users\/1"}],"replies":[{"embeddable":true,"href":"http:\/\/warto.pageblogi.pl\/index.php?rest_route=%2Fwp%2Fv2%2Fcomments&post=4791"}],"version-history":[{"count":1,"href":"http:\/\/warto.pageblogi.pl\/index.php?rest_route=\/wp\/v2\/posts\/4791\/revisions"}],"predecessor-version":[{"id":4792,"href":"http:\/\/warto.pageblogi.pl\/index.php?rest_route=\/wp\/v2\/posts\/4791\/revisions\/4792"}],"wp:attachment":[{"href":"http:\/\/warto.pageblogi.pl\/index.php?rest_route=%2Fwp%2Fv2%2Fmedia&parent=4791"}],"wp:term":[{"taxonomy":"category","embeddable":true,"href":"http:\/\/warto.pageblogi.pl\/index.php?rest_route=%2Fwp%2Fv2%2Fcategories&post=4791"},{"taxonomy":"post_tag","embeddable":true,"href":"http:\/\/warto.pageblogi.pl\/index.php?rest_route=%2Fwp%2Fv2%2Ftags&post=4791"}],"curies":[{"name":"wp","href":"https:\/\/api.w.org\/{rel}","templated":true}]}}