{"id":4805,"date":"2020-08-13T03:12:06","date_gmt":"2020-08-13T03:12:06","guid":{"rendered":"http:\/\/warto.pageblogi.pl\/?p=4805"},"modified":"2020-08-13T03:12:06","modified_gmt":"2020-08-13T03:12:06","slug":"precyzyjna-korekcja-racic","status":"publish","type":"post","link":"http:\/\/warto.pageblogi.pl\/?p=4805","title":{"rendered":"Precyzyjna korekcja racic"},"content":{"rendered":"<p>Fakty s\u0105 takie, \u017ce zdecydowanie coraz wi\u0119cej os\u00f3b szuka po prostu fachowc\u00f3w, kt\u00f3rzy zajmuj\u0105 si\u0119 takim zagadnieniem. Wykonanie tego zadania powinno by\u0107 oczywi\u015bcie powierzone po prostu takim specjalistom, kt\u00f3rzy realnie bardzo dobrze znaj\u0105 si\u0119 na tej dok\u0142adnie sprecyzowanej kwestii. Korekcja racic musi by\u0107 bez w\u0105tpienia stworzona w g\u0142\u00f3wnej mierze przez osoby, kt\u00f3r\u0105 posiadaj\u0105 odpowiednie kwalifikacji oraz nale\u017cyte kwalifikacje w zwi\u0105zku z tym konkretnym tematem.<!--more--><\/p>\n<p>  Liczy si\u0119 na pewno wiedza teoretyczna. Identycznie, jak i wiedza praktyczna a tak\u017ce posiadanie przysz\u0142o\u015bciowego sprz\u0119tu. Korekcja racic musi by\u0107 wykonana przez takie osoby, kt\u00f3re maj\u0105 stosownie bardzo du\u017co do\u015bwiadczenia oraz potrafi\u0105 korzysta\u0107 z nowoczesnego sprz\u0119tu i z innowacyjnych technik, kt\u00f3re w ramach tego konkretnego tematu s\u0105 w rzeczywisto\u015bci nieodzowne. O jakich jeszcze na pewno aspektach pod \u017cadnym wzgl\u0119dem nie nale\u017cy zapomina\u0107? Korekcja racic jest nie tylko wykonywana przez osoby, kt\u00f3re \u015bwietnie znaj\u0105 si\u0119 na tej sprawie. Jakie jeszcze us\u0142ugi s\u0105 realizowane przez ekspert\u00f3w? To te\u017c poskrom korekcja byd\u0142a&#8230; Nie brakuje Obywateli polski decyduj\u0105cych si\u0119 w\u0142a\u015bnie na tego rodzaju dok\u0142adnie sprecyzowane us\u0142ugi, kt\u00f3re s\u0105 realizowane wnikliwie a tak\u017ce relatywnie tanio. Bez w\u0105tpienia natomiast poskrom korekcja byd\u0142a to kolejne skomplikowane zadanie, kt\u00f3ry musi by\u0107 zrealizowane jedynie przez fachowc\u00f3w od tego zagadnienia. Nale\u017cy zwr\u00f3ci\u0107 uwag\u0119 na aspekty, \u017ce profesjonali\u015bci wykonuj\u0105 swoje us\u0142ugi rzeczywi\u015bcie w zgodzie z najwy\u017cszymi standardami. Poza tym zwierz\u0119ta czuj\u0105 si\u0119 bezpiecznie i komfortowo, co te\u017c nie powinno by\u0107 w og\u00f3le bagatelizowane. W zwi\u0105zku z tym poskrom korekcja byd\u0142a musi by\u0107 po prostu powierzony odpowiednim ekspertom&#8230;<br \/>\n<br \/>Wi\u0119cej informacji: <a href=\"https:\/\/www.korekcja-racic.pl\">Korekcja racic cena<\/a>.<\/p>\n","protected":false},"excerpt":{"rendered":"<p>Fakty s\u0105 takie, \u017ce zdecydowanie coraz wi\u0119cej os\u00f3b szuka po prostu fachowc\u00f3w, kt\u00f3rzy zajmuj\u0105 si\u0119 takim zagadnieniem. Wykonanie tego zadania powinno by\u0107 oczywi\u015bcie powierzone po prostu takim specjalistom, kt\u00f3rzy realnie bardzo dobrze znaj\u0105 si\u0119 na tej dok\u0142adnie sprecyzowanej kwestii. Korekcja racic musi by\u0107 bez w\u0105tpienia stworzona w g\u0142\u00f3wnej mierze przez osoby, kt\u00f3r\u0105 posiadaj\u0105 odpowiednie kwalifikacji &#8230; <span class=\"more\"><a class=\"more-link\" href=\"http:\/\/warto.pageblogi.pl\/?p=4805\">[Read more&#8230;]<\/a><\/span><\/p>\n","protected":false},"author":1,"featured_media":0,"comment_status":"closed","ping_status":"closed","sticky":false,"template":"","format":"standard","meta":[],"categories":[1],"tags":[],"_links":{"self":[{"href":"http:\/\/warto.pageblogi.pl\/index.php?rest_route=\/wp\/v2\/posts\/4805"}],"collection":[{"href":"http:\/\/warto.pageblogi.pl\/index.php?rest_route=\/wp\/v2\/posts"}],"about":[{"href":"http:\/\/warto.pageblogi.pl\/index.php?rest_route=\/wp\/v2\/types\/post"}],"author":[{"embeddable":true,"href":"http:\/\/warto.pageblogi.pl\/index.php?rest_route=\/wp\/v2\/users\/1"}],"replies":[{"embeddable":true,"href":"http:\/\/warto.pageblogi.pl\/index.php?rest_route=%2Fwp%2Fv2%2Fcomments&post=4805"}],"version-history":[{"count":1,"href":"http:\/\/warto.pageblogi.pl\/index.php?rest_route=\/wp\/v2\/posts\/4805\/revisions"}],"predecessor-version":[{"id":4806,"href":"http:\/\/warto.pageblogi.pl\/index.php?rest_route=\/wp\/v2\/posts\/4805\/revisions\/4806"}],"wp:attachment":[{"href":"http:\/\/warto.pageblogi.pl\/index.php?rest_route=%2Fwp%2Fv2%2Fmedia&parent=4805"}],"wp:term":[{"taxonomy":"category","embeddable":true,"href":"http:\/\/warto.pageblogi.pl\/index.php?rest_route=%2Fwp%2Fv2%2Fcategories&post=4805"},{"taxonomy":"post_tag","embeddable":true,"href":"http:\/\/warto.pageblogi.pl\/index.php?rest_route=%2Fwp%2Fv2%2Ftags&post=4805"}],"curies":[{"name":"wp","href":"https:\/\/api.w.org\/{rel}","templated":true}]}}