{"id":4872,"date":"2020-08-20T08:13:03","date_gmt":"2020-08-20T08:13:03","guid":{"rendered":"http:\/\/warto.pageblogi.pl\/?p=4872"},"modified":"2020-08-20T08:13:03","modified_gmt":"2020-08-20T08:13:03","slug":"salon-urody-w-szczecinie","status":"publish","type":"post","link":"http:\/\/warto.pageblogi.pl\/?p=4872","title":{"rendered":"Salon urody w Szczecinie"},"content":{"rendered":"<p>Obecnie w omal ka\u017cdym mie\u015bcie mo\u017cna spotka\u0107 co niemiara salon\u00f3w kosmetycznych. Trend wznosz\u0105cy, kt\u00f3ry jest obecnie w Polsce w zwi\u0105zku z kosmetologi\u0105, utrzymuje si\u0119 od kilku lat. Polki bardzo cz\u0119sto s\u0105 w stanie po\u015bwi\u0119ci\u0107 spor\u0105 ilo\u015b\u0107 got\u00f3wki na rozmaite zabiegi kosmetyczne, jak np.<!--more--><\/p>\n<p>  permanentne brwi Szczecin czy r\u00f3wnie\u017c usta permanentne Szczecin (polecamy: <a href=\"https:\/\/femmedita.com\/cennik\/\">brwi permanentne cena<\/a>). Z tego powodu niekt\u00f3rzy nadal si\u0119 zastanawiaj\u0105 czy otwarcie swojego salonu ma jeszcze sens, gdy na rynku istnieje ju\u017c tak du\u017ca konkurencja? Oczywi\u015bcie warto tutaj posiada\u0107 na uwadze, \u017ce zapotrzebowanie przez ca\u0142y czas ro\u015bnie, a klientek z roku na rok przybywa. Jednak odpowied\u017a na to pytanie raczej nie mo\u017ce by\u0107 jednoznaczna, poniewa\u017c wp\u0142yw na ni\u0105 ma zbyt bardzo du\u017co czynnik\u00f3w. Natomiast o ile zdecydujemy ju\u017c si\u0119 na otwarcie nowego salonu, to warto wspomnie\u0107, aby wyr\u00f3\u017cni\u0107 sw\u00f3j gabinet kosmetyczny Szczecin na tle konkurencji, aby mie\u0107 odpowiedni\u0105 liczb\u0119 klient\u00f3w (polecana strona: <a href=\"https:\/\/femmedita.com\/makijaz_permanentny\/\">makija\u017c permanentny<\/a>). Z tego powodu warto na pocz\u0105tku zaj\u0105\u0107 si\u0119 reklam\u0105 salonu kosmetycznego, dzi\u0119ki czemu wi\u0119cej ludzi dowie si\u0119 o jego istnieniu. A przy tym, warto pierwszym klientkom udzieli\u0107 zni\u017cek i rabatu na zabiegi kosmetyczne. Mo\u017ce to by\u0107 np. rabat na usta permanentne Szczecin b\u0105d\u017a du\u017ca promocja na kilka 1szy zabieg\u00f3w, przyk\u0142adowo. takich jak permanentne brwi Szczecin. Bardzo dobra oferta pod wzgl\u0119dem finansowym niew\u0105tpliwie przyci\u0105gnie du\u017c\u0105 rzesz\u0119 klientek, a gdy zabiegi b\u0119d\u0105 realizowane na bardzo wysokim \u015bwiatowym poziomie, to mo\u017cemy liczy\u0107 na sta\u0142y przyp\u0142yw nowych klient\u00f3w, poniewa\u017c kobiety bardzo preferuj\u0105 wymienia\u0107 si\u0119 do\u015bwiadczeniami i opiniami o\u00a0 miejscach urody.<br \/>\n<br \/>Sprawd\u017a r\u00f3wnie\u017c informacje na stronie: <a href=\"https:\/\/femmedita.com\">henna szczecin<\/a>.<\/p>\n","protected":false},"excerpt":{"rendered":"<p>Obecnie w omal ka\u017cdym mie\u015bcie mo\u017cna spotka\u0107 co niemiara salon\u00f3w kosmetycznych. Trend wznosz\u0105cy, kt\u00f3ry jest obecnie w Polsce w zwi\u0105zku z kosmetologi\u0105, utrzymuje si\u0119 od kilku lat. Polki bardzo cz\u0119sto s\u0105 w stanie po\u015bwi\u0119ci\u0107 spor\u0105 ilo\u015b\u0107 got\u00f3wki na rozmaite zabiegi kosmetyczne, jak np.<\/p>\n","protected":false},"author":1,"featured_media":0,"comment_status":"closed","ping_status":"closed","sticky":false,"template":"","format":"standard","meta":[],"categories":[1],"tags":[],"_links":{"self":[{"href":"http:\/\/warto.pageblogi.pl\/index.php?rest_route=\/wp\/v2\/posts\/4872"}],"collection":[{"href":"http:\/\/warto.pageblogi.pl\/index.php?rest_route=\/wp\/v2\/posts"}],"about":[{"href":"http:\/\/warto.pageblogi.pl\/index.php?rest_route=\/wp\/v2\/types\/post"}],"author":[{"embeddable":true,"href":"http:\/\/warto.pageblogi.pl\/index.php?rest_route=\/wp\/v2\/users\/1"}],"replies":[{"embeddable":true,"href":"http:\/\/warto.pageblogi.pl\/index.php?rest_route=%2Fwp%2Fv2%2Fcomments&post=4872"}],"version-history":[{"count":1,"href":"http:\/\/warto.pageblogi.pl\/index.php?rest_route=\/wp\/v2\/posts\/4872\/revisions"}],"predecessor-version":[{"id":4873,"href":"http:\/\/warto.pageblogi.pl\/index.php?rest_route=\/wp\/v2\/posts\/4872\/revisions\/4873"}],"wp:attachment":[{"href":"http:\/\/warto.pageblogi.pl\/index.php?rest_route=%2Fwp%2Fv2%2Fmedia&parent=4872"}],"wp:term":[{"taxonomy":"category","embeddable":true,"href":"http:\/\/warto.pageblogi.pl\/index.php?rest_route=%2Fwp%2Fv2%2Fcategories&post=4872"},{"taxonomy":"post_tag","embeddable":true,"href":"http:\/\/warto.pageblogi.pl\/index.php?rest_route=%2Fwp%2Fv2%2Ftags&post=4872"}],"curies":[{"name":"wp","href":"https:\/\/api.w.org\/{rel}","templated":true}]}}