{"id":4882,"date":"2020-08-21T16:44:02","date_gmt":"2020-08-21T16:44:02","guid":{"rendered":"http:\/\/warto.pageblogi.pl\/?p=4882"},"modified":"2020-08-21T16:44:02","modified_gmt":"2020-08-21T16:44:02","slug":"kompleksowa-korekcja-racic","status":"publish","type":"post","link":"http:\/\/warto.pageblogi.pl\/?p=4882","title":{"rendered":"Kompleksowa korekcja racic"},"content":{"rendered":"<p>Ewidentnie macie problem, kt\u00f3ry odnosi si\u0119 do tego zagadnienia zwi\u0105zanego z korekcj\u0105 racic? Kompleksowa korekcja racic musi by\u0107 bez \u017cadnego problemu wykonywana po prostu przez osob\u0119, kt\u00f3ra bardzo dobrze zna si\u0119 na tej dok\u0142adnie okre\u015blonej tematyce. Komu powierzy\u0107 wykonanie tego w\u0142a\u015bnie konkretnego zadania? Korekcja racic mi\u0119dzy innymi musi by\u0107 zwyczajnie realizowana przez takie osoby, kt\u00f3re maj\u0105 du\u017ce do\u015bwiadczenie w ramach tego konkretnego obszaru a tak\u017ce stosownie bardzo du\u017co wiedzy w tym konkretnym. Przydaje si\u0119 bez w\u0105tpienia te\u017c posiadanie innowacyjnego sprz\u0119tu itd.<!--more--><\/p>\n<p>  Korekcja racic powinna by\u0107 wykonywana realnie bardzo starannie oraz bardzo pieczo\u0142owicie, poniewa\u017c ma to faktycznie bardzo du\u017ce znaczenie pod wzgl\u0119dem zdrowia zwierz\u0119cia, prawda? Nale\u017cy zwr\u00f3ci\u0107 uwag\u0119 mi\u0119dzy innymi na takie aspekty, \u017ce zdecydowanie coraz wi\u0119cej os\u00f3b decyduje si\u0119 po prostu na pomoc dobrej jako\u015bci specjalist\u00f3w, kt\u00f3rzy nale\u017cycie znaj\u0105 si\u0119 na tej dok\u0142adnie okre\u015blonej tematyce. Korekcja racic cena musi by\u0107 wykonywana nie tylko szczeg\u00f3\u0142owo, ale tak\u017ce relatywnie szybko. Korekcja racic cena musi by\u0107 zatem realizowana rzeczywi\u015bcie przez osoby, kt\u00f3re bardzo dobrze znaj\u0105 si\u0119 na tej konkretnej tematyce, poniewa\u017c to jedyny spos\u00f3b na to, a\u017ceby to zadanie zosta\u0142o zrobione fachowo pod ka\u017cdym mo\u017cliwym wzgl\u0119dem i tym podobne. Nale\u017cy zwr\u00f3ci\u0107 uwag\u0119 na aspekty, \u017ce nie tylko i wy\u0142\u0105cznie takie us\u0142ugi s\u0105 zwyczajnie wykonywane przez osoby z tej dok\u0142adnie okre\u015blonej dziedzinie. Korekcja racic cena to jedna z nich. Mo\u017cesz te\u017c zdecydowa\u0107 si\u0119 na szereg innych us\u0142ug wykonywanych przez fachowc\u00f3w, kt\u00f3rzy posiadaj\u0105 zwyczajnie stosowne kwalifikacji w ramach tej w\u0142a\u015bnie dok\u0142adnie sprecyzowanej tematyki.<br \/>\n<br \/>Warto zobaczy\u0107: <a href=\"https:\/\/www.korekcja-racic.pl\">Korekcja racic<\/a>.<\/p>\n","protected":false},"excerpt":{"rendered":"<p>Ewidentnie macie problem, kt\u00f3ry odnosi si\u0119 do tego zagadnienia zwi\u0105zanego z korekcj\u0105 racic? Kompleksowa korekcja racic musi by\u0107 bez \u017cadnego problemu wykonywana po prostu przez osob\u0119, kt\u00f3ra bardzo dobrze zna si\u0119 na tej dok\u0142adnie okre\u015blonej tematyce. Komu powierzy\u0107 wykonanie tego w\u0142a\u015bnie konkretnego zadania? Korekcja racic mi\u0119dzy innymi musi by\u0107 zwyczajnie realizowana przez takie osoby, kt\u00f3re &#8230; <span class=\"more\"><a class=\"more-link\" href=\"http:\/\/warto.pageblogi.pl\/?p=4882\">[Read more&#8230;]<\/a><\/span><\/p>\n","protected":false},"author":1,"featured_media":0,"comment_status":"closed","ping_status":"closed","sticky":false,"template":"","format":"standard","meta":[],"categories":[1],"tags":[],"_links":{"self":[{"href":"http:\/\/warto.pageblogi.pl\/index.php?rest_route=\/wp\/v2\/posts\/4882"}],"collection":[{"href":"http:\/\/warto.pageblogi.pl\/index.php?rest_route=\/wp\/v2\/posts"}],"about":[{"href":"http:\/\/warto.pageblogi.pl\/index.php?rest_route=\/wp\/v2\/types\/post"}],"author":[{"embeddable":true,"href":"http:\/\/warto.pageblogi.pl\/index.php?rest_route=\/wp\/v2\/users\/1"}],"replies":[{"embeddable":true,"href":"http:\/\/warto.pageblogi.pl\/index.php?rest_route=%2Fwp%2Fv2%2Fcomments&post=4882"}],"version-history":[{"count":1,"href":"http:\/\/warto.pageblogi.pl\/index.php?rest_route=\/wp\/v2\/posts\/4882\/revisions"}],"predecessor-version":[{"id":4883,"href":"http:\/\/warto.pageblogi.pl\/index.php?rest_route=\/wp\/v2\/posts\/4882\/revisions\/4883"}],"wp:attachment":[{"href":"http:\/\/warto.pageblogi.pl\/index.php?rest_route=%2Fwp%2Fv2%2Fmedia&parent=4882"}],"wp:term":[{"taxonomy":"category","embeddable":true,"href":"http:\/\/warto.pageblogi.pl\/index.php?rest_route=%2Fwp%2Fv2%2Fcategories&post=4882"},{"taxonomy":"post_tag","embeddable":true,"href":"http:\/\/warto.pageblogi.pl\/index.php?rest_route=%2Fwp%2Fv2%2Ftags&post=4882"}],"curies":[{"name":"wp","href":"https:\/\/api.w.org\/{rel}","templated":true}]}}