{"id":5028,"date":"2020-09-04T18:20:04","date_gmt":"2020-09-04T18:20:04","guid":{"rendered":"http:\/\/warto.pageblogi.pl\/?p=5028"},"modified":"2020-09-04T18:20:04","modified_gmt":"2020-09-04T18:20:04","slug":"salon-kosmetologiczny","status":"publish","type":"post","link":"http:\/\/warto.pageblogi.pl\/?p=5028","title":{"rendered":"Salon kosmetologiczny"},"content":{"rendered":"<p>Obecnie w niemal\u017ce ka\u017cdym mie\u015bcie mo\u017cna spotka\u0107 mn\u00f3stwo salon\u00f3w kosmetycznych. Trend wznosz\u0105cy, kt\u00f3ry jest aktualnie w Polsce w zwi\u0105zku z kosmetologi\u0105, utrzymuje si\u0119 od kilku lat. Polki bardzo cz\u0119sto s\u0105 w stanie po\u015bwi\u0119ci\u0107 spor\u0105 ilo\u015b\u0107 got\u00f3wki na rozmaite zabiegi kosmetyczne, jak np.<!--more--><\/p>\n<p>  permanentne brwi Szczecin czy te\u017c usta permanentne Szczecin (zobacz tak\u017ce: <a href=\"https:\/\/femmedita.com\/cennik\/\">makija\u017c permanentny cena<\/a>). Z tego powodu niekt\u00f3rzy wci\u0105\u017c si\u0119 zastanawiaj\u0105 czy otwarcie w\u0142asnego salonu ma jeszcze sens, gdy na rynku istnieje ju\u017c tak du\u017ca konkurencja? Bez w\u0105tpienia warto tutaj posiada\u0107 na uwadze, \u017ce zapotrzebowanie stale ro\u015bnie, a klientek z roku na rok przybywa. Natomiast odpowied\u017a na to pytanie raczej nie mo\u017ce by\u0107 jednoznaczna, poniewa\u017c wp\u0142yw na ni\u0105 ma zbyt bardzo du\u017co czynnik\u00f3w. Natomiast je\u017celi ju\u017c zdecydujemy ju\u017c si\u0119 na otwarcie nowego salonu, to warto pami\u0119ta\u0107, a\u017ceby wyr\u00f3\u017cni\u0107 sw\u00f3j gabinet kosmetyczny Szczecin na tle konkurencji, a\u017ceby posiada\u0107 odpowiedni\u0105 liczb\u0119 klient\u00f3w (warto tak\u017ce zobaczy\u0107: <a href=\"https:\/\/femmedita.com\/makijaz_permanentny\/\">tatua\u017c brwi permanentny<\/a>). Z tego powodu warto na pocz\u0105tku zaj\u0105\u0107 si\u0119 reklam\u0105 salonu kosmetycznego, dzi\u0119ki czemu wi\u0119cej ludzi dowie si\u0119 o jego istnieniu. Dodatkowo, warto pierwszym klientkom udzieli\u0107 zni\u017cek i rabatu na zabiegi kosmetyczne. Mo\u017ce to by\u0107 np. rabat na usta permanentne Szczecin b\u0105d\u017a du\u017ca promocja na kilka 1szy zabieg\u00f3w, przyk\u0142adowo. takich jak permanentne brwi Szczecin. Znakomita oferta pod k\u0105tem finansowym na 100 procent przyci\u0105gnie du\u017c\u0105 rzesz\u0119 klientek, a gdy zabiegi b\u0119d\u0105 realizowane na najwy\u017cszym \u015bwiatowym poziomie, to mo\u017cemy liczy\u0107 na sta\u0142y nap\u0142yw nowych klient\u00f3w, poniewa\u017c kobiety bardzo doceniaj\u0105 wymienia\u0107 si\u0119 do\u015bwiadczeniami i opiniami o miejscach urody.<br \/>\n<br \/>Zobacz wi\u0119cej: <a href=\"https:\/\/femmedita.com\">zabiegi kosmetyczne szczecin<\/a>.<\/p>\n","protected":false},"excerpt":{"rendered":"<p>Obecnie w niemal\u017ce ka\u017cdym mie\u015bcie mo\u017cna spotka\u0107 mn\u00f3stwo salon\u00f3w kosmetycznych. Trend wznosz\u0105cy, kt\u00f3ry jest aktualnie w Polsce w zwi\u0105zku z kosmetologi\u0105, utrzymuje si\u0119 od kilku lat. Polki bardzo cz\u0119sto s\u0105 w stanie po\u015bwi\u0119ci\u0107 spor\u0105 ilo\u015b\u0107 got\u00f3wki na rozmaite zabiegi kosmetyczne, jak np.<\/p>\n","protected":false},"author":1,"featured_media":0,"comment_status":"closed","ping_status":"closed","sticky":false,"template":"","format":"standard","meta":[],"categories":[1],"tags":[],"_links":{"self":[{"href":"http:\/\/warto.pageblogi.pl\/index.php?rest_route=\/wp\/v2\/posts\/5028"}],"collection":[{"href":"http:\/\/warto.pageblogi.pl\/index.php?rest_route=\/wp\/v2\/posts"}],"about":[{"href":"http:\/\/warto.pageblogi.pl\/index.php?rest_route=\/wp\/v2\/types\/post"}],"author":[{"embeddable":true,"href":"http:\/\/warto.pageblogi.pl\/index.php?rest_route=\/wp\/v2\/users\/1"}],"replies":[{"embeddable":true,"href":"http:\/\/warto.pageblogi.pl\/index.php?rest_route=%2Fwp%2Fv2%2Fcomments&post=5028"}],"version-history":[{"count":1,"href":"http:\/\/warto.pageblogi.pl\/index.php?rest_route=\/wp\/v2\/posts\/5028\/revisions"}],"predecessor-version":[{"id":5029,"href":"http:\/\/warto.pageblogi.pl\/index.php?rest_route=\/wp\/v2\/posts\/5028\/revisions\/5029"}],"wp:attachment":[{"href":"http:\/\/warto.pageblogi.pl\/index.php?rest_route=%2Fwp%2Fv2%2Fmedia&parent=5028"}],"wp:term":[{"taxonomy":"category","embeddable":true,"href":"http:\/\/warto.pageblogi.pl\/index.php?rest_route=%2Fwp%2Fv2%2Fcategories&post=5028"},{"taxonomy":"post_tag","embeddable":true,"href":"http:\/\/warto.pageblogi.pl\/index.php?rest_route=%2Fwp%2Fv2%2Ftags&post=5028"}],"curies":[{"name":"wp","href":"https:\/\/api.w.org\/{rel}","templated":true}]}}