{"id":5345,"date":"2020-11-03T08:03:03","date_gmt":"2020-11-03T08:03:03","guid":{"rendered":"http:\/\/warto.pageblogi.pl\/?p=5345"},"modified":"2020-11-03T08:03:03","modified_gmt":"2020-11-03T08:03:03","slug":"profesjonalnie-wykonane-maseczki-chirurgiczne","status":"publish","type":"post","link":"http:\/\/warto.pageblogi.pl\/?p=5345","title":{"rendered":"Profesjonalnie wykonane maseczki chirurgiczne"},"content":{"rendered":"<p>Jakie cechy maj\u0105 realnie dobrej jako\u015bci maski, kt\u00f3re s\u0105 stosowane w celach ochronnych na nasze twarze? Co jest tutaj niebywale istotne, a\u017ceby wybra\u0107 zwyczajnie dobrej jako\u015bci rozwi\u0105zania tego konkretnego typu? Interesuj\u0105 was realnie bardzo profesjonalnie zrobione maski medyczne, kt\u00f3re s\u0105 obecnie obligatoryjne? <!--more--><\/p>\n<p>Chyba nikogo nie powinno si\u0119 przekonywa\u0107, \u017ce aktualnie tego rodzaju elementy musz\u0105 by\u0107 noszone. Brak stosowania si\u0119 do takiego tematu sprawia r\u00f3\u017cnego rodzaju konsekwencje &#8211; mi\u0119dzy innymi trzeba liczy\u0107 si\u0119 po prostu z tym, \u017ce osoby, kt\u00f3re nie maj\u0105 takich element\u00f3w, jak maski medyczne musz\u0105 zwyczajnie p\u0142aci\u0107 mandaty. Jak jednak wybiera\u0107 takie dok\u0142adnie sprecyzowane akcesoria? Bez w\u0105tpienia maski ochronne na twarz powinny by\u0107 kupowane od \u015bwietnych producent\u00f3w i tym podobne.  Tak naprawd\u0119 ka\u017cda osoba zainteresowana tym tematem powinna mie\u0107 \u015bwiadomo\u015b\u0107, \u017ce dobrej jako\u015bci akcesoria z tej grupy musz\u0105 g\u0142\u00f3wnie gwarantowa\u0107 bezpiecze\u0144stwo. S\u0105 r\u00f3\u017cnego rodzaju opinie na ten temat. Niemniej jednak w rzeczywisto\u015bci warto nosi\u0107 maski ochronne na twarz&#8230; Trzeba zauwa\u017cy\u0107, \u017ce profesjonalne pod wieloma wzgl\u0119dami maski medyczne chroni\u0105 nie tylko nasze zdrowie. Poza tym chroni\u0105 tak\u017ce nasze najbli\u017csze otoczenie. Bacz\u0105c na miejsce pracy lub dom, mieszkanie rodzinne. Co jeszcze jest najbardziej istotne w ramach tego konkretnego tematu? Bardzo wa\u017cna sprawa jest taka, \u017ce decyduj\u0105c si\u0119 na maski medyczne trzeba zwraca\u0107 uwag\u0119 nie tylko i wy\u0142\u0105cznie na bezpiecze\u0144stwo. Opr\u00f3cz tego takie elementy powinny by\u0107 idealnie dopasowane do naszej twarzy. Chyba nikogo nie powinno si\u0119 przekonywa\u0107, \u017ce powinny gwarantowa\u0107 wygod\u0119 oraz komfort w ka\u017cdej sytuacji, prawda?<br \/>\n<br \/>Zobacz: <a href=\"https:\/\/www.artbud.pl\/pl\/c\/Maseczki-rekawiczki-okulary\/5675\">maseczka FFP2<\/a>.<\/p>\n","protected":false},"excerpt":{"rendered":"<p>Jakie cechy maj\u0105 realnie dobrej jako\u015bci maski, kt\u00f3re s\u0105 stosowane w celach ochronnych na nasze twarze? Co jest tutaj niebywale istotne, a\u017ceby wybra\u0107 zwyczajnie dobrej jako\u015bci rozwi\u0105zania tego konkretnego typu? Interesuj\u0105 was realnie bardzo profesjonalnie zrobione maski medyczne, kt\u00f3re s\u0105 obecnie obligatoryjne?<\/p>\n","protected":false},"author":1,"featured_media":0,"comment_status":"closed","ping_status":"closed","sticky":false,"template":"","format":"standard","meta":[],"categories":[1],"tags":[],"_links":{"self":[{"href":"http:\/\/warto.pageblogi.pl\/index.php?rest_route=\/wp\/v2\/posts\/5345"}],"collection":[{"href":"http:\/\/warto.pageblogi.pl\/index.php?rest_route=\/wp\/v2\/posts"}],"about":[{"href":"http:\/\/warto.pageblogi.pl\/index.php?rest_route=\/wp\/v2\/types\/post"}],"author":[{"embeddable":true,"href":"http:\/\/warto.pageblogi.pl\/index.php?rest_route=\/wp\/v2\/users\/1"}],"replies":[{"embeddable":true,"href":"http:\/\/warto.pageblogi.pl\/index.php?rest_route=%2Fwp%2Fv2%2Fcomments&post=5345"}],"version-history":[{"count":1,"href":"http:\/\/warto.pageblogi.pl\/index.php?rest_route=\/wp\/v2\/posts\/5345\/revisions"}],"predecessor-version":[{"id":5346,"href":"http:\/\/warto.pageblogi.pl\/index.php?rest_route=\/wp\/v2\/posts\/5345\/revisions\/5346"}],"wp:attachment":[{"href":"http:\/\/warto.pageblogi.pl\/index.php?rest_route=%2Fwp%2Fv2%2Fmedia&parent=5345"}],"wp:term":[{"taxonomy":"category","embeddable":true,"href":"http:\/\/warto.pageblogi.pl\/index.php?rest_route=%2Fwp%2Fv2%2Fcategories&post=5345"},{"taxonomy":"post_tag","embeddable":true,"href":"http:\/\/warto.pageblogi.pl\/index.php?rest_route=%2Fwp%2Fv2%2Ftags&post=5345"}],"curies":[{"name":"wp","href":"https:\/\/api.w.org\/{rel}","templated":true}]}}