{"id":621,"date":"2013-09-22T18:46:47","date_gmt":"2013-09-22T18:46:47","guid":{"rendered":"http:\/\/warto.pageblogi.pl\/?p=621"},"modified":"2013-09-22T18:46:47","modified_gmt":"2013-09-22T18:46:47","slug":"zaprojektuj-swoja-przestrzen-projekty-salonow-z-kominkiem","status":"publish","type":"post","link":"http:\/\/warto.pageblogi.pl\/?p=621","title":{"rendered":"Zaprojektuj swoj\u0105 przestrze\u0144 &#8211; projekty salon\u00f3w z kominkiem"},"content":{"rendered":"<p>O ile w domu mamy poddasze, to nic innego nam nie pozostaje, w jaki spos\u00f3b stworzenie z niego poddasza u\u017cytkowego. Wszak sami wiemy najlepiej, \u017ce je\u017celi chodzi o poddasze, to jest to zwyczajnie dodatkowa przestrze\u0144, kt\u00f3ra je\u017celi ju\u017c nie zostanie zu\u017cytkowana tak, jak nale\u017cy, to niestety, niemniej jednak b\u0119dzie to dla nas wielka strata. Przeciiez na poddaszu mo\u017cna wytworzy\u0107 sobie pi\u0119kny pok\u00f3j, czy tak\u017ce wspania\u0142\u0105 sypialni\u0119 i wszystko mo\u017ce by\u0107 tak, jak powinno si\u0119, wszystko ma mo\u017cliwo\u015b\u0107 si\u0119 rozlu\u017ani\u0107, bo b\u0119dziemy mieli wi\u0119cej miejsca i o to chodzi. <!--more--> G\u0142\u00f3wnie warto jednak mie\u0107 \u015bwiadomo\u015b\u0107 tego, \u017ce <a href=\"http:\/\/intellio.pl\/\">biuro projektowe krak\u00f3w<\/a> to nie jest taka lekka sprawa, bo warto wiedzie\u0107, \u017ce wszak na poddaszu jest z regu\u0142y ciemniej, jest cieplej, a to s\u0105 swego rodzaju minusy i dlatego r\u00f3wnie\u017c nale\u017cy by\u0107 na nie przygotowanym, a te\u017c nale\u017cy umie\u0107 im w stosowny metod\u0119 zapobiega\u0107. To wszystko to jest w tym momencie sztuka umiej\u0119tnego zagospodarowania i zaadoptowania poddasza, co bardzo si\u0119 liczy i jest znacz\u0105ce, w rzeczywisto\u015bci. Nale\u017cy nam pami\u0119ta\u0107, \u017ce wszystko zale\u017cy w tym miejscu jednak od nas. Lub przyk\u0142adowo zrobimy wszystko sami, ale w miar\u0119 umiej\u0119tnie, lub z kolei natomiast zdecydujemy si\u0119 na pomoc ze strony profesjonalist\u00f3w, ze stronnych do\u015bwiadczonych animator\u00f3w wn\u0119trz i warto zdawa\u0107 sobie spraw\u0119, \u017ce to te\u017c jest bardzo dobre wyj\u015bcie i rozwi\u0105zanie. Przede wszystkim powinni\u015bmy wiedzie\u0107, \u017ce nie istotn\u0105 jak\u0105 drog\u0105 dochodzimy do celu, niemniej jednak bardzo wa\u017cne jest to, a\u017ceby do tego celu jednak\u017ce pomimo wszystko doj\u015b\u0107. Warto by\u0107 \u015bwiadomym, \u017ce gdy mamy mo\u017cliwo\u015b\u0107 zagospodarowania poddasza, to nie rezygnujmy z takiej mo\u017cliwo\u015bci, bo to dodatkowe mery kwadratowe dla naszego domu, to w ko\u0144cu dodatkowa powierzchnia, a to liczy si\u0119 jednak\u017ce bardzo, jakby na to wszystko nie patrze\u0107. Grunt, to wiedzie\u0107 co si\u0119 posiada, posiada\u0107 tego \u015bwiadomo\u015b\u0107 i umie\u0107 to wszystko w jaki spos\u00f3b najlepiej wykorzysta\u0107 i to liczy si\u0119 najbardziej.<\/p>\n","protected":false},"excerpt":{"rendered":"<p>O ile w domu mamy poddasze, to nic innego nam nie pozostaje, w jaki spos\u00f3b stworzenie z niego poddasza u\u017cytkowego. Wszak sami wiemy najlepiej, \u017ce je\u017celi chodzi o poddasze, to jest to zwyczajnie dodatkowa przestrze\u0144, kt\u00f3ra je\u017celi ju\u017c nie zostanie zu\u017cytkowana tak, jak nale\u017cy, to niestety, niemniej jednak b\u0119dzie to dla nas wielka strata. Przeciiez &#8230; <span class=\"more\"><a class=\"more-link\" href=\"http:\/\/warto.pageblogi.pl\/?p=621\">[Read more&#8230;]<\/a><\/span><\/p>\n","protected":false},"author":1,"featured_media":0,"comment_status":"closed","ping_status":"closed","sticky":false,"template":"","format":"standard","meta":[],"categories":[1],"tags":[],"_links":{"self":[{"href":"http:\/\/warto.pageblogi.pl\/index.php?rest_route=\/wp\/v2\/posts\/621"}],"collection":[{"href":"http:\/\/warto.pageblogi.pl\/index.php?rest_route=\/wp\/v2\/posts"}],"about":[{"href":"http:\/\/warto.pageblogi.pl\/index.php?rest_route=\/wp\/v2\/types\/post"}],"author":[{"embeddable":true,"href":"http:\/\/warto.pageblogi.pl\/index.php?rest_route=\/wp\/v2\/users\/1"}],"replies":[{"embeddable":true,"href":"http:\/\/warto.pageblogi.pl\/index.php?rest_route=%2Fwp%2Fv2%2Fcomments&post=621"}],"version-history":[{"count":0,"href":"http:\/\/warto.pageblogi.pl\/index.php?rest_route=\/wp\/v2\/posts\/621\/revisions"}],"wp:attachment":[{"href":"http:\/\/warto.pageblogi.pl\/index.php?rest_route=%2Fwp%2Fv2%2Fmedia&parent=621"}],"wp:term":[{"taxonomy":"category","embeddable":true,"href":"http:\/\/warto.pageblogi.pl\/index.php?rest_route=%2Fwp%2Fv2%2Fcategories&post=621"},{"taxonomy":"post_tag","embeddable":true,"href":"http:\/\/warto.pageblogi.pl\/index.php?rest_route=%2Fwp%2Fv2%2Ftags&post=621"}],"curies":[{"name":"wp","href":"https:\/\/api.w.org\/{rel}","templated":true}]}}