{"id":659,"date":"2013-10-09T21:43:48","date_gmt":"2013-10-09T21:43:48","guid":{"rendered":"http:\/\/warto.pageblogi.pl\/?p=659"},"modified":"2013-10-09T21:43:48","modified_gmt":"2013-10-09T21:43:48","slug":"sposob-na-rozwoj-biznesu-ksiegowosc-lodz","status":"publish","type":"post","link":"http:\/\/warto.pageblogi.pl\/?p=659","title":{"rendered":"Spos\u00f3b na rozw\u00f3j biznesu &#8211; ksi\u0119gowo\u015b\u0107 \u0142\u00f3d\u017a"},"content":{"rendered":"<p>Bardzo sporo os\u00f3b w dzisiejszych czasach marzy o prowadzeniu osobistej dzia\u0142alno\u015bci , a ponadto otwarciu w\u0142asnego biznesu. Powinno si\u0119 natomiast pami\u0119ta\u0107, \u017ce wszak nie jest to takie proste i realnie trzeba si\u0119 zna\u0107 na wielu rzeczach, a\u017ceby m\u00f3c sobie pozwoli\u0107 w tej chwili na prowadzenie prywatnej firmy. G\u0142\u00f3wnie na samym pocz\u0105tku kiedy jeste\u015bmy jeszcze na etapie planowania, najwa\u017cniejsz\u0105 rzecz\u0105 jest sprawdzenie jakie s\u0105 op\u0142aty pocz\u0105tkowe oraz takie, kt\u00f3re b\u0119d\u0105 musia\u0142y by\u0107 op\u0142acane co miesi\u0105c czyli innymi s\u0142owy musimy wiedzie\u0107 jakie b\u0119d\u0105 koszty utrzymania naszego biznesu, bo to wszak\u017ce one obok przychodu decyduj\u0105 o tym, czy b\u0119dziemy mogli dalej prowadzi\u0107 firm\u0119 czy po niezbyt d\u0142ugim czasie b\u0119dziemy j\u0105 musieli zamkn\u0105\u0107 bo nie b\u0119dzie nas sta\u0107 na jej prowadzenie. <!--more--> Wielu ludzi nie zdaje sobie sprawy z tego, \u017ce w naszym kraju wymaga si\u0119 szczeg\u00f3\u0142owego prowadzenia ksi\u0119gowo\u015bci i nie sp\u00f3\u017aniania si\u0119 z terminami , a opr\u00f3cz tego bezb\u0142\u0119dnego wype\u0142niania wielu formularzy. Niestety ale wielu ludzi kompletnie si\u0119 na tym nie zna, dlatego ju\u017c na wst\u0119pie warto pomy\u015ble\u0107 o skorzystaniu z us\u0142ug <a href=\"http:\/\/www.argus-rachunki.pl\/\">http:\/\/www.argus-rachunki.pl<\/a>. Nale\u017cy koszty zatrudnienia biura rachunkowego r\u00f3wnie\u017c wliczy\u0107 w nasze op\u0142aty o czym cz\u0119\u015bciej si\u0119 zapomina planuj\u0105c otworzy\u0107 biznes. Powinno si\u0119 tak\u017ce przygotowa\u0107 sw\u00f3j w\u0142asny biznesplan, w kt\u00f3rym b\u0119d\u0105 wyliczenia odno\u015bnie naszej dystrybucji i profit\u00f3w na najbli\u017csze 2 lata i dzi\u0119ki temu b\u0119dziemy wiedzie\u0107, kiedy biznes zacznie si\u0119 nam zwraca\u0107 i czy z ca\u0142\u0105 pewno\u015bci\u0105 jest op\u0142acalny.<\/p>\n","protected":false},"excerpt":{"rendered":"<p>Bardzo sporo os\u00f3b w dzisiejszych czasach marzy o prowadzeniu osobistej dzia\u0142alno\u015bci , a ponadto otwarciu w\u0142asnego biznesu. Powinno si\u0119 natomiast pami\u0119ta\u0107, \u017ce wszak nie jest to takie proste i realnie trzeba si\u0119 zna\u0107 na wielu rzeczach, a\u017ceby m\u00f3c sobie pozwoli\u0107 w tej chwili na prowadzenie prywatnej firmy. G\u0142\u00f3wnie na samym pocz\u0105tku kiedy jeste\u015bmy jeszcze na &#8230; <span class=\"more\"><a class=\"more-link\" href=\"http:\/\/warto.pageblogi.pl\/?p=659\">[Read more&#8230;]<\/a><\/span><\/p>\n","protected":false},"author":1,"featured_media":0,"comment_status":"closed","ping_status":"closed","sticky":false,"template":"","format":"standard","meta":[],"categories":[1],"tags":[],"_links":{"self":[{"href":"http:\/\/warto.pageblogi.pl\/index.php?rest_route=\/wp\/v2\/posts\/659"}],"collection":[{"href":"http:\/\/warto.pageblogi.pl\/index.php?rest_route=\/wp\/v2\/posts"}],"about":[{"href":"http:\/\/warto.pageblogi.pl\/index.php?rest_route=\/wp\/v2\/types\/post"}],"author":[{"embeddable":true,"href":"http:\/\/warto.pageblogi.pl\/index.php?rest_route=\/wp\/v2\/users\/1"}],"replies":[{"embeddable":true,"href":"http:\/\/warto.pageblogi.pl\/index.php?rest_route=%2Fwp%2Fv2%2Fcomments&post=659"}],"version-history":[{"count":0,"href":"http:\/\/warto.pageblogi.pl\/index.php?rest_route=\/wp\/v2\/posts\/659\/revisions"}],"wp:attachment":[{"href":"http:\/\/warto.pageblogi.pl\/index.php?rest_route=%2Fwp%2Fv2%2Fmedia&parent=659"}],"wp:term":[{"taxonomy":"category","embeddable":true,"href":"http:\/\/warto.pageblogi.pl\/index.php?rest_route=%2Fwp%2Fv2%2Fcategories&post=659"},{"taxonomy":"post_tag","embeddable":true,"href":"http:\/\/warto.pageblogi.pl\/index.php?rest_route=%2Fwp%2Fv2%2Ftags&post=659"}],"curies":[{"name":"wp","href":"https:\/\/api.w.org\/{rel}","templated":true}]}}