{"id":735,"date":"2013-12-17T08:05:04","date_gmt":"2013-12-17T08:05:04","guid":{"rendered":"http:\/\/warto.pageblogi.pl\/?p=735"},"modified":"2013-12-17T08:05:04","modified_gmt":"2013-12-17T08:05:04","slug":"wybierz-idealna-kolyske","status":"publish","type":"post","link":"http:\/\/warto.pageblogi.pl\/?p=735","title":{"rendered":"Wybierz idealn\u0105 ko\u0142ysk\u0119"},"content":{"rendered":"<p>Wielu z tera\u017aniejszych doros\u0142ych kiedy by\u0142o dzie\u0107mi by\u0142o ko\u0142ysanymi w ko\u0142ysce. Potem jako\u015b ten zwyczaj zanik\u0142 i dzieci bujano jedynie w w\u00f3zeczkach. Na pe\u0142ne szcz\u0119\u015bcie w chwili obecnej ko\u0142yski znowu powracaj\u0105 do mody i u\u017cytku. Wielu fachowc\u00f3w potwierdzi\u0142o, \u017ce bujanie dziecka pozytywnie wp\u0142ywa na jego rozw\u00f3j. Rozwija uk\u0142ad nerwowy, polepsza r\u00f3wnowag\u0119 , a opr\u00f3cz tego koryguje koordynacj\u0119 wzrokowo-ruchow\u0105. <!--more-->  Warto zaznaczy\u0107, \u017ce dziecko ju\u017c w \u0142onie matki jest ko\u0142ysane i trzeba je tak\u017ce ko\u0142ysa\u0107 po urodzeniu. Warto pomy\u015ble\u0107 o zakupie <a href=\"http:\/\/www.lululaj.pl\">Lululaj &#8211; ko\u0142yski<\/a>. W chwili obecnej mo\u017cna w lululaj zam\u00f3wi\u0107 \u0142\u00f3\u017ceczko drewniane, kt\u00f3re b\u0119dzie te\u017c pe\u0142ni\u0142o funkcj\u0119 ko\u0142yski. W ten metod\u0119 kategorycznie pro\u015bciej b\u0119dzie uko\u0142ysa\u0107 dziecko do snu. Sen dla malucha jest bardzo wa\u017cny i musi wiele spa\u0107, \u017ceby m\u00f3c prawid\u0142owo si\u0119 rozwija\u0107 i w chwili obecnej dlatego tak istotne jest gwarancj\u0119 mu odpowiednich warunk\u00f3w do snu. Powinno si\u0119 przyzna\u0107, \u017ce wielu rodzic\u00f3w nie kupuje ju\u017c masowo produkowanych i sprzedawanych w du\u017cych sieciach mebelk\u00f3w dla dzieci. Nie gorzej jest wybra\u0107 \u0142\u00f3\u017ceczko, kt\u00f3re jest opracowane nie przez maszyn\u0119 ale przez cz\u0142owieka. Dzi\u0119ki temu ma si\u0119 gwarancj\u0119, \u017ce b\u0119dzie ono solidnie zrealizowane , a ponadto bezpieczne, przy tym indywidualny malunek sprawi, \u017ce b\u0119dzie ono wyj\u0105tkowe tak jak wyj\u0105tkowe jest w\u0142a\u015bciwie ka\u017cde dziecko. W\u0142a\u015bciwie ka\u017cdy rodzic chce swojemu dziecku zagwarantowa\u0107 wszystko to co najlepsze.<\/p>\n","protected":false},"excerpt":{"rendered":"<p>Wielu z tera\u017aniejszych doros\u0142ych kiedy by\u0142o dzie\u0107mi by\u0142o ko\u0142ysanymi w ko\u0142ysce. Potem jako\u015b ten zwyczaj zanik\u0142 i dzieci bujano jedynie w w\u00f3zeczkach. Na pe\u0142ne szcz\u0119\u015bcie w chwili obecnej ko\u0142yski znowu powracaj\u0105 do mody i u\u017cytku. Wielu fachowc\u00f3w potwierdzi\u0142o, \u017ce bujanie dziecka pozytywnie wp\u0142ywa na jego rozw\u00f3j. Rozwija uk\u0142ad nerwowy, polepsza r\u00f3wnowag\u0119 , a opr\u00f3cz tego &#8230; <span class=\"more\"><a class=\"more-link\" href=\"http:\/\/warto.pageblogi.pl\/?p=735\">[Read more&#8230;]<\/a><\/span><\/p>\n","protected":false},"author":1,"featured_media":0,"comment_status":"closed","ping_status":"closed","sticky":false,"template":"","format":"standard","meta":[],"categories":[1],"tags":[],"_links":{"self":[{"href":"http:\/\/warto.pageblogi.pl\/index.php?rest_route=\/wp\/v2\/posts\/735"}],"collection":[{"href":"http:\/\/warto.pageblogi.pl\/index.php?rest_route=\/wp\/v2\/posts"}],"about":[{"href":"http:\/\/warto.pageblogi.pl\/index.php?rest_route=\/wp\/v2\/types\/post"}],"author":[{"embeddable":true,"href":"http:\/\/warto.pageblogi.pl\/index.php?rest_route=\/wp\/v2\/users\/1"}],"replies":[{"embeddable":true,"href":"http:\/\/warto.pageblogi.pl\/index.php?rest_route=%2Fwp%2Fv2%2Fcomments&post=735"}],"version-history":[{"count":0,"href":"http:\/\/warto.pageblogi.pl\/index.php?rest_route=\/wp\/v2\/posts\/735\/revisions"}],"wp:attachment":[{"href":"http:\/\/warto.pageblogi.pl\/index.php?rest_route=%2Fwp%2Fv2%2Fmedia&parent=735"}],"wp:term":[{"taxonomy":"category","embeddable":true,"href":"http:\/\/warto.pageblogi.pl\/index.php?rest_route=%2Fwp%2Fv2%2Fcategories&post=735"},{"taxonomy":"post_tag","embeddable":true,"href":"http:\/\/warto.pageblogi.pl\/index.php?rest_route=%2Fwp%2Fv2%2Ftags&post=735"}],"curies":[{"name":"wp","href":"https:\/\/api.w.org\/{rel}","templated":true}]}}