{"id":764,"date":"2014-02-03T01:01:53","date_gmt":"2014-02-03T01:01:53","guid":{"rendered":"http:\/\/warto.pageblogi.pl\/?p=764"},"modified":"2014-02-03T01:01:53","modified_gmt":"2014-02-03T01:01:53","slug":"wyjazd-do-niemiec-praca-za-granica-niemcy","status":"publish","type":"post","link":"http:\/\/warto.pageblogi.pl\/?p=764","title":{"rendered":"Wyjazd do Niemiec &#8211; praca za granic\u0105 Niemcy"},"content":{"rendered":"<p>W obecnych czasach w naszym kraju boryka si\u0119 z bardzo wieloma problemami. Trzeba powiedzie\u0107, \u017ce nasza historia mocno nas do\u015bwiadczy\u0142a i niestety bez ustanku nie uda\u0142o nam si\u0119 wyj\u015b\u0107 ca\u0142kowicie na najprostsz\u0105. Obecnie co wi\u0119cej kiedy przyszed\u0142 kryzys to ju\u017c og\u00f3lnie rzecz ujmuj\u0105c nie\u0142atwo \u017cyje si\u0119 w naszym kraju. Mamy mas\u0119 wykszta\u0142conych i wykwalifikowanych os\u00f3b, dla kt\u00f3rych jednak\u017ce nie posiada pracy. Bardzo cz\u0119sto jest tak, \u017ce powinno si\u0119 pracowa\u0107 za darmo lub za marne pieni\u0105dze, a wszak bez pieni\u0119dzy cz\u0142owiek nie jest si\u0119 w stanie utrzyma\u0107, priorytetowo w czasach kiedy wszystko dro\u017ceje. <!--more--> Kobiety i m\u0119\u017cczy\u017ani wyje\u017cd\u017caj\u0105 do du\u017cych miast, poniewa\u017c tutaj jest \u0142atwiej o prac\u0119 ale wci\u0105\u017c jest to nieproste, poniewa\u017c koszt \u017cycia w du\u017cym mie\u015bcie jest wysoki. Wielu ludzi poszukuje innego rozwi\u0105zania, a jest nim exodus. Inni ludzie szukaj\u0105 pracy i w wi\u0119kszo\u015bci wypadk\u00f3w by m\u00f3c utrzyma\u0107 siebie albo w\u0142asn\u0105 rodzin\u0119 to wyje\u017cd\u017caj\u0105 za granic\u0119 i tam szukaj\u0105 pracy. Trzeba powiedzie\u0107, \u017ce s\u0105 kraje, do kt\u00f3rych Polscy obywatele wyje\u017cd\u017caj\u0105 w pierwszej kolejno\u015bci. Na pewno jednym z nich s\u0105 Niemcy. Jest to nasz s\u0105siad wi\u0119c nie jest to eskapada daleko. Wiadomo, \u017ce warto umie\u0107 pos\u0142ugiwa\u0107 si\u0119 j\u0119zykiem niemieckim chocia\u017c w stopniu komunikatywnym, ale cz\u0119stokro\u0107 wystarczy znajomo\u015b\u0107 angielskiego. Mo\u017cna jecha\u0107 w ciemno lub korzysta\u0107 z ofert r\u00f3\u017cnorakich firm, kt\u00f3re pomagaj\u0105 w tego rodzaju wyjazdach. Tam \u0142atwiej jest znale\u017a\u0107 prac\u0119, a za uposa\u017cenie mo\u017cna \u017cy\u0107 godnie albo odk\u0142ada\u0107 na dalsze \u017cycie w naszym pa\u0144stwie.<\/p>\n<p>Zobacz wi\u0119cej: <a href=\"http:\/\/nasze-niemcy.pl\/\">oferty pracy w Niemczech<\/a>.<\/p>\n","protected":false},"excerpt":{"rendered":"<p>W obecnych czasach w naszym kraju boryka si\u0119 z bardzo wieloma problemami. Trzeba powiedzie\u0107, \u017ce nasza historia mocno nas do\u015bwiadczy\u0142a i niestety bez ustanku nie uda\u0142o nam si\u0119 wyj\u015b\u0107 ca\u0142kowicie na najprostsz\u0105. Obecnie co wi\u0119cej kiedy przyszed\u0142 kryzys to ju\u017c og\u00f3lnie rzecz ujmuj\u0105c nie\u0142atwo \u017cyje si\u0119 w naszym kraju. Mamy mas\u0119 wykszta\u0142conych i wykwalifikowanych os\u00f3b, &#8230; <span class=\"more\"><a class=\"more-link\" href=\"http:\/\/warto.pageblogi.pl\/?p=764\">[Read more&#8230;]<\/a><\/span><\/p>\n","protected":false},"author":1,"featured_media":0,"comment_status":"closed","ping_status":"closed","sticky":false,"template":"","format":"standard","meta":[],"categories":[1],"tags":[],"_links":{"self":[{"href":"http:\/\/warto.pageblogi.pl\/index.php?rest_route=\/wp\/v2\/posts\/764"}],"collection":[{"href":"http:\/\/warto.pageblogi.pl\/index.php?rest_route=\/wp\/v2\/posts"}],"about":[{"href":"http:\/\/warto.pageblogi.pl\/index.php?rest_route=\/wp\/v2\/types\/post"}],"author":[{"embeddable":true,"href":"http:\/\/warto.pageblogi.pl\/index.php?rest_route=\/wp\/v2\/users\/1"}],"replies":[{"embeddable":true,"href":"http:\/\/warto.pageblogi.pl\/index.php?rest_route=%2Fwp%2Fv2%2Fcomments&post=764"}],"version-history":[{"count":0,"href":"http:\/\/warto.pageblogi.pl\/index.php?rest_route=\/wp\/v2\/posts\/764\/revisions"}],"wp:attachment":[{"href":"http:\/\/warto.pageblogi.pl\/index.php?rest_route=%2Fwp%2Fv2%2Fmedia&parent=764"}],"wp:term":[{"taxonomy":"category","embeddable":true,"href":"http:\/\/warto.pageblogi.pl\/index.php?rest_route=%2Fwp%2Fv2%2Fcategories&post=764"},{"taxonomy":"post_tag","embeddable":true,"href":"http:\/\/warto.pageblogi.pl\/index.php?rest_route=%2Fwp%2Fv2%2Ftags&post=764"}],"curies":[{"name":"wp","href":"https:\/\/api.w.org\/{rel}","templated":true}]}}