{"id":787,"date":"2014-02-17T23:46:47","date_gmt":"2014-02-17T23:46:47","guid":{"rendered":"http:\/\/warto.pageblogi.pl\/?p=787"},"modified":"2014-02-17T23:46:47","modified_gmt":"2014-02-17T23:46:47","slug":"zdrowie-dla-siedzacych-meble-biurowe-jelenia-gora","status":"publish","type":"post","link":"http:\/\/warto.pageblogi.pl\/?p=787","title":{"rendered":"Zdrowie dla siedz\u0105cych &#8211; meble biurowe jelenia g\u00f3ra"},"content":{"rendered":"<p>W dzisiejszych czasach bardzo sporo os\u00f3b wykonuje prac\u0119 biurow\u0105. Powinno si\u0119 powiedzie\u0107, \u017ce od kiedy pojawi\u0142y si\u0119 i rozpowszechni\u0142y komputery i internet to znakomita wi\u0119kszo\u015b\u0107 firm ka\u017cdego dnia korzysta z tych udogonie\u0144 i o ile na przyk\u0142ad zabranie pr\u0105du lub nie b\u0119dzie dost\u0119pne po\u0142\u0105czenie z internetem to wtedy nie da si\u0119 pracowa\u0107. Aktualnie znacz\u0105ca wi\u0119kszo\u015b\u0107 stanowisk to obecnie praca biurowa przed komputerem. Po zupe\u0142nym dniu sp\u0119dzonym na siedzeniu przed komputerem czujemy si\u0119 zm\u0119czeni, ale przede wszystkim jest to praca umys\u0142owa i a\u017ceby si\u0119 zrelaksowa\u0107 to powiniene\u015b aktywnie sp\u0119dzi\u0107 czas. <!--more--> Trzeba jeszcze podkre\u015bli\u0107, \u017ce siedzenie ca\u0142y dzie\u0144 na krze\u015ble albo w fotelu nie jest naturalne dla cz\u0142owieka, dlatego tak\u017ce bez aktywno\u015bci fizycznej mog\u0105 u nas pojawi\u0107 si\u0119 k\u0142opoty z b\u00f3lem plec\u00f3w, kr\u0119gos\u0142upem, zm\u0119czeniem. Dlatego r\u00f3wnie\u017c niedawno kilka firm inwestuje w fotele zdrowotne. S\u0105 to specjalnie przygotowane meble, kt\u00f3re maja niwelowa\u0107 b\u00f3l plec\u00f3w i wszystkie inne objawy. W trakcie siedzenia krzes\u0142o powinno stanowi\u0107 naturaln\u0105 podpor\u0119 plec\u00f3w. Te krzes\u0142a zdrowotne rekomendowane s\u0105 przez lekarzy i testy potwierdzaj\u0105, \u017ce u os\u00f3b, kt\u00f3re z nich korzystaj\u0105 b\u00f3l plec\u00f3w znacznie zmala\u0142. Dla w\u0142a\u015bcicieli firm jest to tak\u017ce wa\u017cne, poniewa\u017c kiedy pracownicy siedz\u0105 na niewygodnych krzes\u0142ach i rozpoczynaj\u0105 si\u0119 \u017ale czu\u0107 to wtedy s\u0105 bardziej ospali i rozkojarzeni, innymi s\u0142owy pracuj\u0105 mniej wydajnie i skutecznie. Pracodawca powinien r\u00f3wnie\u017c zadba\u0107 o zdrowie spersonalizowanych pracownik\u00f3w, a takie krzes\u0142a zdrowotne stanowi\u0105 \u015bwietn\u0105 tego form\u0119. Zapobiegnie to p\u00f3\u017aniejszym dylematom z kr\u0119gos\u0142upem, a to przecie\u017c jest najistotniejsze.<\/p>\n<p>Warto spostrzec: <a href=\"http:\/\/www.krzesla-zdrowotne.pl\/\">krzes\u0142o k\u0142odzko<\/a><\/p>\n","protected":false},"excerpt":{"rendered":"<p>W dzisiejszych czasach bardzo sporo os\u00f3b wykonuje prac\u0119 biurow\u0105. Powinno si\u0119 powiedzie\u0107, \u017ce od kiedy pojawi\u0142y si\u0119 i rozpowszechni\u0142y komputery i internet to znakomita wi\u0119kszo\u015b\u0107 firm ka\u017cdego dnia korzysta z tych udogonie\u0144 i o ile na przyk\u0142ad zabranie pr\u0105du lub nie b\u0119dzie dost\u0119pne po\u0142\u0105czenie z internetem to wtedy nie da si\u0119 pracowa\u0107. Aktualnie znacz\u0105ca wi\u0119kszo\u015b\u0107 &#8230; <span class=\"more\"><a class=\"more-link\" href=\"http:\/\/warto.pageblogi.pl\/?p=787\">[Read more&#8230;]<\/a><\/span><\/p>\n","protected":false},"author":1,"featured_media":0,"comment_status":"closed","ping_status":"closed","sticky":false,"template":"","format":"standard","meta":[],"categories":[1],"tags":[],"_links":{"self":[{"href":"http:\/\/warto.pageblogi.pl\/index.php?rest_route=\/wp\/v2\/posts\/787"}],"collection":[{"href":"http:\/\/warto.pageblogi.pl\/index.php?rest_route=\/wp\/v2\/posts"}],"about":[{"href":"http:\/\/warto.pageblogi.pl\/index.php?rest_route=\/wp\/v2\/types\/post"}],"author":[{"embeddable":true,"href":"http:\/\/warto.pageblogi.pl\/index.php?rest_route=\/wp\/v2\/users\/1"}],"replies":[{"embeddable":true,"href":"http:\/\/warto.pageblogi.pl\/index.php?rest_route=%2Fwp%2Fv2%2Fcomments&post=787"}],"version-history":[{"count":0,"href":"http:\/\/warto.pageblogi.pl\/index.php?rest_route=\/wp\/v2\/posts\/787\/revisions"}],"wp:attachment":[{"href":"http:\/\/warto.pageblogi.pl\/index.php?rest_route=%2Fwp%2Fv2%2Fmedia&parent=787"}],"wp:term":[{"taxonomy":"category","embeddable":true,"href":"http:\/\/warto.pageblogi.pl\/index.php?rest_route=%2Fwp%2Fv2%2Fcategories&post=787"},{"taxonomy":"post_tag","embeddable":true,"href":"http:\/\/warto.pageblogi.pl\/index.php?rest_route=%2Fwp%2Fv2%2Ftags&post=787"}],"curies":[{"name":"wp","href":"https:\/\/api.w.org\/{rel}","templated":true}]}}