{"id":826,"date":"2014-03-12T02:11:00","date_gmt":"2014-03-12T02:11:00","guid":{"rendered":"http:\/\/warto.pageblogi.pl\/?p=826"},"modified":"2014-03-12T02:11:00","modified_gmt":"2014-03-12T02:11:00","slug":"pokrowce-ochronne-producent-toreb-mlodziezowych","status":"publish","type":"post","link":"http:\/\/warto.pageblogi.pl\/?p=826","title":{"rendered":"Pokrowce ochronne &#8211; producent toreb m\u0142odzie\u017cowych"},"content":{"rendered":"<p>Wsp\u00f3lnie z m\u0119\u017cem postanowili\u015bmy pojecha\u0107 na narty z biurem podr\u00f3\u017cy. W ka\u017cdym momencie je\u017adzili\u015bmy tylko w naszych g\u00f3rach ale zachcia\u0142o nam si\u0119 wi\u0119cej i postanowili\u015bmy pojecha\u0107 w Alpy, gdy\u017c non stop s\u0142yszeli\u015bmy od znajomych jak to nale\u017cy jest tam wspaniale i \u017ce powinni\u015bmy pojecha\u0107. Na jaki\u015b czas przed wyjazdem dowiedzieli\u015bmy si\u0119, \u017ce nasz sprz\u0119t musi by\u0107 zapakowany w w\u0142a\u015bciwe pokrowce, poniewa\u017c w przeciwnym razie narty nie zostan\u0105 zabrane. Jest to spowodowane tym, \u017ce narty bez pokrowc\u00f3w mog\u0105 si\u0119 \u0142atwo zniszczy\u0107, a \u017cadna osoba nie preferuje posiada\u0107 problem\u00f3w ze sprz\u0119tem. Poszli\u015bmy do sklepu ale mieli tam jedynie wiele r\u00f3\u017cnych pokrowc\u00f3w, kt\u00f3re akurat w ca\u0142o\u015bci nam nie pasowa\u0142y. <!--more--> Przy okazji mia\u0142y bardzo wysokie ceny, a nie chcieli\u015bmy p\u0142aci\u0107 a\u017c tak du\u017co za pokrowce. Po przyj\u015bciu do domu postanowi\u0142am poszpera\u0107 po internecie. Na allegro znalaz\u0142am aukcje producenta pokrowc\u00f3w. Okaza\u0142o si\u0119, \u017ce posiada bardzo dobre opinie oraz dodatkowo sprzeda\u0142 kilka pokrowc\u00f3w \u2013 nie tylko narciarskich, ale tak\u017ce toreb, plecak\u00f3w, toreb na laptopy, pokrowc\u00f3w samochodowych. Cena by\u0142a zaskakuj\u0105co niska, zw\u0142aszcza w stosunku do tych, kt\u00f3re zobaczy\u0142am w sklepie. Postanowi\u0142am zaryzykowa\u0107 i zam\u00f3wi\u0142am pokrowce na narty i buty zar\u00f3wno dla mnie i dla m\u0119\u017ca. Po kr\u00f3tkim czasie otrzyma\u0142am je od listonosza. W tej samej chwili zabra\u0142am si\u0119 za otwarcie paczki. Musze powiedzie\u0107, \u017ce pokrowce zrealizowane zosta\u0142y z bardzo dobrego materia\u0142u i by\u0142y bardzo poprawnie uszyte. A dodatkowo bardzo ciekawie si\u0119 prezentowa\u0142y. Jestem zadowolona, w tym momencie tylko czekamy na eskapada.<\/p>\n<p>Sprawd\u017a te\u017c: <a href=\"http:\/\/www.pokrowce-ochronne.pl\/\">producent pokrowc\u00f3w na zam\u00f3wienie<\/a><\/p>\n<p>\u00a0<\/p>\n","protected":false},"excerpt":{"rendered":"<p>Wsp\u00f3lnie z m\u0119\u017cem postanowili\u015bmy pojecha\u0107 na narty z biurem podr\u00f3\u017cy. W ka\u017cdym momencie je\u017adzili\u015bmy tylko w naszych g\u00f3rach ale zachcia\u0142o nam si\u0119 wi\u0119cej i postanowili\u015bmy pojecha\u0107 w Alpy, gdy\u017c non stop s\u0142yszeli\u015bmy od znajomych jak to nale\u017cy jest tam wspaniale i \u017ce powinni\u015bmy pojecha\u0107. Na jaki\u015b czas przed wyjazdem dowiedzieli\u015bmy si\u0119, \u017ce nasz sprz\u0119t musi &#8230; <span class=\"more\"><a class=\"more-link\" href=\"http:\/\/warto.pageblogi.pl\/?p=826\">[Read more&#8230;]<\/a><\/span><\/p>\n","protected":false},"author":1,"featured_media":0,"comment_status":"closed","ping_status":"closed","sticky":false,"template":"","format":"standard","meta":[],"categories":[1],"tags":[],"_links":{"self":[{"href":"http:\/\/warto.pageblogi.pl\/index.php?rest_route=\/wp\/v2\/posts\/826"}],"collection":[{"href":"http:\/\/warto.pageblogi.pl\/index.php?rest_route=\/wp\/v2\/posts"}],"about":[{"href":"http:\/\/warto.pageblogi.pl\/index.php?rest_route=\/wp\/v2\/types\/post"}],"author":[{"embeddable":true,"href":"http:\/\/warto.pageblogi.pl\/index.php?rest_route=\/wp\/v2\/users\/1"}],"replies":[{"embeddable":true,"href":"http:\/\/warto.pageblogi.pl\/index.php?rest_route=%2Fwp%2Fv2%2Fcomments&post=826"}],"version-history":[{"count":0,"href":"http:\/\/warto.pageblogi.pl\/index.php?rest_route=\/wp\/v2\/posts\/826\/revisions"}],"wp:attachment":[{"href":"http:\/\/warto.pageblogi.pl\/index.php?rest_route=%2Fwp%2Fv2%2Fmedia&parent=826"}],"wp:term":[{"taxonomy":"category","embeddable":true,"href":"http:\/\/warto.pageblogi.pl\/index.php?rest_route=%2Fwp%2Fv2%2Fcategories&post=826"},{"taxonomy":"post_tag","embeddable":true,"href":"http:\/\/warto.pageblogi.pl\/index.php?rest_route=%2Fwp%2Fv2%2Ftags&post=826"}],"curies":[{"name":"wp","href":"https:\/\/api.w.org\/{rel}","templated":true}]}}