{"id":838,"date":"2014-03-16T17:29:23","date_gmt":"2014-03-16T17:29:23","guid":{"rendered":"http:\/\/warto.pageblogi.pl\/?p=838"},"modified":"2014-03-16T17:29:23","modified_gmt":"2014-03-16T17:29:23","slug":"nasze-problemy-zadbajmy-o-o-wszystkich-ludzi","status":"publish","type":"post","link":"http:\/\/warto.pageblogi.pl\/?p=838","title":{"rendered":"Nasze problemy &#8211; zadbajmy o o wszystkich ludzi"},"content":{"rendered":"<p>Anoreksja z ca\u0142kowit\u0105 czyli stu procentow\u0105 pewno\u015bci\u0105 sta\u0142a si\u0119 jednym z najpowa\u017cniejszych problem\u00f3w XXI wieku. Zapadaj\u0105 na ni\u0105 coraz m\u0142odsze osoby- zw\u0142aszcza dziewczyny mi\u0119dzy 11 a 19 rokiem zycia, wchodz\u0105ce w okres dojrzewania. Nie znaczy to jednak, \u017ce problem ten tyczy si\u0119 jedynie p\u0142ci \u017ce\u0144skiej. Szacuje si\u0119, \u017ce mniej wi\u0119cej 7% choruj\u0105cych to m\u0119\u017cczy\u017ani. <!--more--> <\/p>\n<p>Czym tak rzeczywi\u015bcie jest zatem anoreksja, jakie ma objawy i skutki , a ponadto g\u0142\u00f3wnie jak z ni\u0105 walczy\u0107? Pomi\u0119dzy os\u00f3b chorych na anoreksj\u0119 panuje przekonanie, \u017ce kontrola ilo\u015bci jedzenia jest niczym innym, w jaki spos\u00f3b wy\u0142\u0105cznie udowodnieniem swojej si\u0142y pragnie. Anorektycy konstatuj\u0105, \u017ce dzi\u0119ki temu posiadaj\u0105 kontrol\u0119 nad w\u0142asnym \u017cyciem. Faktycznie jest to zaburzenie od\u017cywiania prowadz\u0105ce w du\u017cej liczbie przypadk\u00f3w do \u015bmierci. Mog\u0142oby si\u0119 wydawa\u0107, \u017ce anoreksja to jedynie choroba cia\u0142a. Nieustanne zm\u0119czenie, bezsenno\u015b\u0107, k\u0142opoty z sercem, b\u00f3l przy ka\u017cdym ruchu to oczywi\u015bcie fizyczne skutki wyg\u0142odzenia organizmu. Anoreksja to jednak\u017ce choroba umys\u0142u, psychiki, duszy. W bardzo wielu sytuacjach zapadaj\u0105 na ni\u0105 m\u0119\u017cczy\u017ani i kobiety niepotrafi\u0105ce odkry\u0107 si\u0119 w spo\u0142ecze\u0144stwie albo takie, kt\u00f3re chc\u0105 w jaki\u015b metod\u0119 poinformowa\u0107 otoczenie o spersonalizowanych prywatnych kwestiach z kt\u00f3rymi sobie nie radz\u0105. Jest to swoisty rodzaj wo\u0142ania o pomoc.<\/p>\n<p>Ca\u0142a tragedia zaczyna si\u0119 cz\u0119\u015bciej od preferencje zgubienia paru kilogram\u00f3w. niestety wraz ze wzrostem intensywno\u015bci i ilo\u015bci \u0107wicze\u0144 maleje liczba kalorii w diecie. Posi\u0142ki staj\u0105 si\u0119 monotonne, ubogie w warto\u015bci od\u017cywcze , a dodatkowo z du\u017c\u0105 uwag\u0105 zwa\u017cone i wyliczone co do grama. Przychodzi czas, kiedy anorektyk ogranicza sw\u00f3j jad\u0142ospis do jednego rodzaju \u017cywno\u015bci, np kromki chleba popitej szklank\u0105 wody. Mimo szybkiego spadku wagi i centymetr\u00f3w, chory dalej postrzega si\u0119 jako osob\u0119 grub\u0105. D\u0142ugotrwa\u0142e g\u0142odzenie organizmu niesie za sob\u0105 tragiczne w skutkach zmiany fizyczne. Brak wydolno\u015bci organ\u00f3w wewn\u0119trznych, anemia, os\u0142abienie, wypadanie w\u0142os\u00f3w to wy\u0142\u0105cznie niekt\u00f3re efekty drastycznej diety. Cz\u0119\u015bciej anoreksja ko\u0144czy si\u0119 \u015bmierci\u0105 spowodowan\u0105 wycie\u0144czeniem lub problemami z sercem. Je\u017celi jednak choroba zostanie wykryta wcze\u015bnie, mo\u017cliwa jest pomoc choremu.<\/p>\n<p>Konieczne jest odizolowanie pacjenta od dotychczasowego \u015brodowiska, pomoc psycholog\u00f3w , a dodatkowo lekarzy psychiatrii niemniej jednak g\u0142\u00f3wnie wsparcie bliskich.<\/p>\n<p>Wi\u0119cej informacji: <a href=\"http:\/\/www.sportsviews.com\/profile\/PageThatIlikem\">profil<\/a>.<\/p>\n","protected":false},"excerpt":{"rendered":"<p>Anoreksja z ca\u0142kowit\u0105 czyli stu procentow\u0105 pewno\u015bci\u0105 sta\u0142a si\u0119 jednym z najpowa\u017cniejszych problem\u00f3w XXI wieku. Zapadaj\u0105 na ni\u0105 coraz m\u0142odsze osoby- zw\u0142aszcza dziewczyny mi\u0119dzy 11 a 19 rokiem zycia, wchodz\u0105ce w okres dojrzewania. Nie znaczy to jednak, \u017ce problem ten tyczy si\u0119 jedynie p\u0142ci \u017ce\u0144skiej. Szacuje si\u0119, \u017ce mniej wi\u0119cej 7% choruj\u0105cych to m\u0119\u017cczy\u017ani.<\/p>\n","protected":false},"author":1,"featured_media":0,"comment_status":"closed","ping_status":"closed","sticky":false,"template":"","format":"standard","meta":[],"categories":[1],"tags":[],"_links":{"self":[{"href":"http:\/\/warto.pageblogi.pl\/index.php?rest_route=\/wp\/v2\/posts\/838"}],"collection":[{"href":"http:\/\/warto.pageblogi.pl\/index.php?rest_route=\/wp\/v2\/posts"}],"about":[{"href":"http:\/\/warto.pageblogi.pl\/index.php?rest_route=\/wp\/v2\/types\/post"}],"author":[{"embeddable":true,"href":"http:\/\/warto.pageblogi.pl\/index.php?rest_route=\/wp\/v2\/users\/1"}],"replies":[{"embeddable":true,"href":"http:\/\/warto.pageblogi.pl\/index.php?rest_route=%2Fwp%2Fv2%2Fcomments&post=838"}],"version-history":[{"count":0,"href":"http:\/\/warto.pageblogi.pl\/index.php?rest_route=\/wp\/v2\/posts\/838\/revisions"}],"wp:attachment":[{"href":"http:\/\/warto.pageblogi.pl\/index.php?rest_route=%2Fwp%2Fv2%2Fmedia&parent=838"}],"wp:term":[{"taxonomy":"category","embeddable":true,"href":"http:\/\/warto.pageblogi.pl\/index.php?rest_route=%2Fwp%2Fv2%2Fcategories&post=838"},{"taxonomy":"post_tag","embeddable":true,"href":"http:\/\/warto.pageblogi.pl\/index.php?rest_route=%2Fwp%2Fv2%2Ftags&post=838"}],"curies":[{"name":"wp","href":"https:\/\/api.w.org\/{rel}","templated":true}]}}