{"id":841,"date":"2014-03-18T06:17:22","date_gmt":"2014-03-18T06:17:22","guid":{"rendered":"http:\/\/warto.pageblogi.pl\/?p=841"},"modified":"2014-03-18T06:17:22","modified_gmt":"2014-03-18T06:17:22","slug":"praca-za-granica-oferty-pracy-w-niemczech","status":"publish","type":"post","link":"http:\/\/warto.pageblogi.pl\/?p=841","title":{"rendered":"Praca za granic\u0105 &#8211; oferty pracy w Niemczech"},"content":{"rendered":"<p>Coraz wi\u0119cej ludzi z naszego pa\u0144stwie wyje\u017cd\u017ca do Niemiec. Jest to kraj, kt\u00f3ry jest naszym s\u0105siadem zatem nie powinno si\u0119 daleko wyje\u017cd\u017ca\u0107, priorytetowo kiedy mieszka si\u0119 na zachodzie Polski. Warto zaznaczy\u0107, \u017ce w Niemczech panuje w ca\u0142o\u015bci inna sytuacja gospodarcza ni\u017c u nas i posiadaj\u0105 oni stateczn\u0105 gospodark\u0119. W naszym kraju niestety m\u0142ode osoby, kt\u00f3re maj\u0105 wy\u017csze wykszta\u0142cenie w bardzo wielu sytuacjach nie mog\u0105 znale\u017a\u0107 pracy, a wszak\u017ce nie chc\u0105 biedowa\u0107. <!--more--> Podejmuj\u0105 wi\u0119c decyzj\u0119 o wyje\u017adzie. Za granic\u0105 tworz\u0105 si\u0119 te\u017c pewnego rodzaju spo\u0142eczno\u015bci. W internecie mo\u017cna odnale\u017a\u0107 dos\u0142ownie forum, na kt\u00f3rym rozmawiaj\u0105 osoby, kt\u00f3re s\u0105 Polakami, a mieszkaj\u0105 i pracuj\u0105 w Niemczech. Tam mog\u0105 sobie wsp\u00f3lnie pomaga\u0107, wymienia\u0107 si\u0119 informacjami, doradza\u0107 sobie, a r\u00f3wnie\u017c odpowiada\u0107 na pytania os\u00f3b, kt\u00f3re dopiero zastanawiaj\u0105 si\u0119 nad wyjazdem i nie znaj\u0105 tamtejszych reali\u00f3w. Nale\u017cy powiedzie\u0107, \u017ce ch\u0142opcy i dziewcz\u0119ta na emigracji powinny trzyma\u0107 si\u0119 razem , a dodatkowo pomaga\u0107 sobie, a wszak\u017ce internet w tej chwili to pozwala. Mo\u017cna \u0142atwo i szybko si\u0119 komunikowa\u0107. Wiadomo, \u017ce na pocz\u0105tku inni ludzie mog\u0105 si\u0119 czu\u0107 zagubieni w takim pa\u0144stwie w jaki spos\u00f3b Niemcy, w kt\u00f3rym wszak\u017ce pos\u0142uguj\u0105 si\u0119 innym j\u0119zykiem, maj\u0105 inn\u0105 kultur\u0119 i ca\u0142kiem inaczej si\u0119 zachowuj\u0105. Problem ma mo\u017cliwo\u015b\u0107 pojawi\u0107 si\u0119 r\u00f3wnie\u017c je\u017celi chodzi o biurokracj\u0119, dokumenty i tym podobne. kt\u00f3re trzeba za\u0142atwi\u0107 by m\u00f3c podj\u0105\u0107 pierwsz\u0105 prac\u0119 w tym pa\u0144stwie. Na forum tak\u017ce ostrzega si\u0119 przed nieuczciwymi pracodawcami, kt\u00f3rzy oszukuj\u0105, lub praca jest s\u0142aba i tak dalej.<\/p>\n<p>Zobacz wi\u0119cej: <a href=\"http:\/\/nasze-niemcy.pl\/\">parki rozrywki w Niemczech<\/a><\/p>\n","protected":false},"excerpt":{"rendered":"<p>Coraz wi\u0119cej ludzi z naszego pa\u0144stwie wyje\u017cd\u017ca do Niemiec. Jest to kraj, kt\u00f3ry jest naszym s\u0105siadem zatem nie powinno si\u0119 daleko wyje\u017cd\u017ca\u0107, priorytetowo kiedy mieszka si\u0119 na zachodzie Polski. Warto zaznaczy\u0107, \u017ce w Niemczech panuje w ca\u0142o\u015bci inna sytuacja gospodarcza ni\u017c u nas i posiadaj\u0105 oni stateczn\u0105 gospodark\u0119. W naszym kraju niestety m\u0142ode osoby, kt\u00f3re &#8230; <span class=\"more\"><a class=\"more-link\" href=\"http:\/\/warto.pageblogi.pl\/?p=841\">[Read more&#8230;]<\/a><\/span><\/p>\n","protected":false},"author":1,"featured_media":0,"comment_status":"closed","ping_status":"closed","sticky":false,"template":"","format":"standard","meta":[],"categories":[1],"tags":[],"_links":{"self":[{"href":"http:\/\/warto.pageblogi.pl\/index.php?rest_route=\/wp\/v2\/posts\/841"}],"collection":[{"href":"http:\/\/warto.pageblogi.pl\/index.php?rest_route=\/wp\/v2\/posts"}],"about":[{"href":"http:\/\/warto.pageblogi.pl\/index.php?rest_route=\/wp\/v2\/types\/post"}],"author":[{"embeddable":true,"href":"http:\/\/warto.pageblogi.pl\/index.php?rest_route=\/wp\/v2\/users\/1"}],"replies":[{"embeddable":true,"href":"http:\/\/warto.pageblogi.pl\/index.php?rest_route=%2Fwp%2Fv2%2Fcomments&post=841"}],"version-history":[{"count":0,"href":"http:\/\/warto.pageblogi.pl\/index.php?rest_route=\/wp\/v2\/posts\/841\/revisions"}],"wp:attachment":[{"href":"http:\/\/warto.pageblogi.pl\/index.php?rest_route=%2Fwp%2Fv2%2Fmedia&parent=841"}],"wp:term":[{"taxonomy":"category","embeddable":true,"href":"http:\/\/warto.pageblogi.pl\/index.php?rest_route=%2Fwp%2Fv2%2Fcategories&post=841"},{"taxonomy":"post_tag","embeddable":true,"href":"http:\/\/warto.pageblogi.pl\/index.php?rest_route=%2Fwp%2Fv2%2Ftags&post=841"}],"curies":[{"name":"wp","href":"https:\/\/api.w.org\/{rel}","templated":true}]}}