{"id":868,"date":"2014-04-02T07:56:51","date_gmt":"2014-04-02T07:56:51","guid":{"rendered":"http:\/\/warto.pageblogi.pl\/?p=868"},"modified":"2014-04-02T07:56:51","modified_gmt":"2014-04-02T07:56:51","slug":"kosmetyki-dla-urody-kosmetyki-gabinetowe","status":"publish","type":"post","link":"http:\/\/warto.pageblogi.pl\/?p=868","title":{"rendered":"Kosmetyki dla urody &#8211; kosmetyki gabinetowe"},"content":{"rendered":"<p>Mo\u017cna powiedzie\u0107, prawdopodobnie z pe\u0142n\u0105 \u015bwiadomo\u015bci\u0105, \u017ce w\u0142a\u015bciwie ka\u017cdy z nas u\u017cywa kosmetyk\u00f3w. Nierzadko mog\u0105 one by\u0107 do codziennej piel\u0119gnacji, do dbania o higien\u0119 w\u0142asnego cia\u0142a, do zapobiegania starzeniu, do upi\u0119kszania swojego wygl\u0105du itd. Kosmetyki towarzysz\u0105 nam ju\u017c od dnia narodzin. Decyduj\u0105c si\u0119 na si\u0119 do szpitala ka\u017cdy rodzic przygotowuje odpowiedni\u0105 wyprawk\u0119, w kt\u00f3rej znajduj\u0105 si\u0119 kosmetyki zar\u00f3wno dla przysz\u0142ej posiadamy, jak r\u00f3wnie\u017c dla dziecka, kt\u00f3re posiada przyj\u015b\u0107 na \u015bwiat. <!--more--> Potem ju\u017c przez kompletne \u017cycie u\u017cywamy kosmetyk\u00f3w. Warto tutaj zaznaczy\u0107, \u017ce wraz z wiekiem u\u017cywamy r\u00f3\u017cnych kosmetyk\u00f3w, bo tak przyk\u0142adowo. nastolatek nie potrzebuje u\u017cywa\u0107 krem\u00f3w przeciwzmarszczkowych, a 60-latek nie potrzebuje stosowa\u0107 \u017celu przeciwtr\u0105dzikowego. W wsp\u00f3\u0142zale\u017cno\u015bci od tego na jakim etapie \u017cycia jeste\u015bmy, jakie posiadamy cia\u0142o oraz dodatkowo jakie posiadamy k\u0142opoty to takich kosmetyk\u00f3w u\u017cywamy. Podzia\u0142 kosmetyk\u00f3w na funkcje, targetowan\u0105 grup\u0119, cz\u0119\u015bci cia\u0142a, kwestie jest mocno widoczny. Wystarczy spojrze\u0107 na propozycj\u0119 kosmetyk\u00f3w w sklepie internetowym. Tam spokojnie mo\u017cemy zaw\u0119zi\u0107 obszar naszych szukania, poniewa\u017c s\u0105 one podzielone na odpowiednie grupy i \u0142atwiej jest odnale\u017a\u0107 kosmetyk, kt\u00f3ry nas interesuje. Jednak dos\u0142ownie po\u015br\u00f3d produkt\u00f3w jednego typu jest szeroki wyb\u00f3r ze wzgl\u0119du na mark\u0119, kt\u00f3ra produkuje dany produkt. W pewnych przypadkach mo\u017cna tak\u017ce znale\u017a\u0107 produkty dla profesjonalist\u0105, czyli przyk\u0142adowo. dla salon\u00f3w urody i produkty dla u\u017cytkownik\u00f3w domowych. Jaki\u015b czas temu jednak ze wzgl\u0119du na potrzeby to coraz w wi\u0119kszo\u015bci wypadk\u00f3w Ci kupuj\u0105 profesjonalne kosmetyki, kt\u00f3re charakteryzuj\u0105 si\u0119 wysok\u0105 jako\u015bci\u0105 i dzi\u0119ki temu wiedz\u0105, \u017ce to by\u0142 dobry wyb\u00f3r.<\/p>\n<p>Wi\u0119cej: <a href=\"http:\/\/www.madric.pl\/\">scagel<\/a><\/p>\n","protected":false},"excerpt":{"rendered":"<p>Mo\u017cna powiedzie\u0107, prawdopodobnie z pe\u0142n\u0105 \u015bwiadomo\u015bci\u0105, \u017ce w\u0142a\u015bciwie ka\u017cdy z nas u\u017cywa kosmetyk\u00f3w. Nierzadko mog\u0105 one by\u0107 do codziennej piel\u0119gnacji, do dbania o higien\u0119 w\u0142asnego cia\u0142a, do zapobiegania starzeniu, do upi\u0119kszania swojego wygl\u0105du itd. Kosmetyki towarzysz\u0105 nam ju\u017c od dnia narodzin. Decyduj\u0105c si\u0119 na si\u0119 do szpitala ka\u017cdy rodzic przygotowuje odpowiedni\u0105 wyprawk\u0119, w kt\u00f3rej znajduj\u0105 &#8230; <span class=\"more\"><a class=\"more-link\" href=\"http:\/\/warto.pageblogi.pl\/?p=868\">[Read more&#8230;]<\/a><\/span><\/p>\n","protected":false},"author":1,"featured_media":0,"comment_status":"closed","ping_status":"closed","sticky":false,"template":"","format":"standard","meta":[],"categories":[1],"tags":[],"_links":{"self":[{"href":"http:\/\/warto.pageblogi.pl\/index.php?rest_route=\/wp\/v2\/posts\/868"}],"collection":[{"href":"http:\/\/warto.pageblogi.pl\/index.php?rest_route=\/wp\/v2\/posts"}],"about":[{"href":"http:\/\/warto.pageblogi.pl\/index.php?rest_route=\/wp\/v2\/types\/post"}],"author":[{"embeddable":true,"href":"http:\/\/warto.pageblogi.pl\/index.php?rest_route=\/wp\/v2\/users\/1"}],"replies":[{"embeddable":true,"href":"http:\/\/warto.pageblogi.pl\/index.php?rest_route=%2Fwp%2Fv2%2Fcomments&post=868"}],"version-history":[{"count":0,"href":"http:\/\/warto.pageblogi.pl\/index.php?rest_route=\/wp\/v2\/posts\/868\/revisions"}],"wp:attachment":[{"href":"http:\/\/warto.pageblogi.pl\/index.php?rest_route=%2Fwp%2Fv2%2Fmedia&parent=868"}],"wp:term":[{"taxonomy":"category","embeddable":true,"href":"http:\/\/warto.pageblogi.pl\/index.php?rest_route=%2Fwp%2Fv2%2Fcategories&post=868"},{"taxonomy":"post_tag","embeddable":true,"href":"http:\/\/warto.pageblogi.pl\/index.php?rest_route=%2Fwp%2Fv2%2Ftags&post=868"}],"curies":[{"name":"wp","href":"https:\/\/api.w.org\/{rel}","templated":true}]}}