{"id":957,"date":"2014-06-16T19:35:18","date_gmt":"2014-06-16T19:35:18","guid":{"rendered":"http:\/\/warto.pageblogi.pl\/?p=957"},"modified":"2014-06-16T19:35:18","modified_gmt":"2014-06-16T19:35:18","slug":"targi-i-spotkania-meble-eventowe","status":"publish","type":"post","link":"http:\/\/warto.pageblogi.pl\/?p=957","title":{"rendered":"Targi i spotkania &#8211; meble eventowe"},"content":{"rendered":"\n<p>W dzisiejszych czasach bardzo kilka firm musi aktywnie wylansowa\u0107 swoje produkty oraz dodatkowo us\u0142ugi. Aktualnie nie mo\u017cna ju\u017c tylko czeka\u0107 na klienta, niemniej jednak trzeba go aktywnie pozyskiwa\u0107. Jednym z takich mo\u017cliwo\u015bci mog\u0105 by\u0107 odpowiednie stoiska. <!--more--> W wi\u0119kszo\u015bci organizowane s\u0105 bran\u017cowe targi np. turystyczne, pracy, hotelarskie, modowe, festiwale wn\u0119trz, smak\u00f3w i masa innych. To w tym momencie tam mo\u017cna znale\u017a\u0107 nabywc\u00f3w, poniewa\u017c odwiedzaj\u0105 je m\u0119\u017cczy\u017ani i kobiety, kt\u00f3re s\u0105 ju\u017c potencjalnie zainteresowane. \u017ceby natomiast dobrze si\u0119 zilustrowa\u0107 to potrzebne s\u0105 odpowiednie <a href=\"http:\/\/www.movement.com.pl\/\">meble eventowe<\/a>. Wiadomo, \u017ce nasze stoisko musi poprawnie wygl\u0105da\u0107, \u017ceby przyci\u0105ga\u0107 kontrahent\u00f3w , a ponadto \u015bwiadczy\u0107 o klasie naszego biznesu. Istniej\u0105 przedsi\u0119biorstwa, kt\u00f3re zajmuj\u0105 si\u0119 tworzeniem takim mebli oraz przygotowywaniem stoisk targowych. S\u0105 to ca\u0142kowicie inne meble ni\u017c takie klasyczne w naszym biurze i kategorycznie warto zainwestowa\u0107 pieni\u0105dze, aby nasze stoisko wyr\u00f3\u017cnia\u0142o si\u0119 w gronie innych. Je\u017celi ju\u017c chcemy pokaza\u0107, \u017ce nasza firma posiada klas\u0119 , a opr\u00f3cz tego jest najwy\u017cszej jako\u015bci to warto pomy\u015ble\u0107 o ca\u0142kowitym stoisku, kt\u00f3re jest zaaran\u017cowane z klas\u0105. Tutaj dobrze jest, aby by\u0142o ono w barwach, kt\u00f3re powi\u0105zane s\u0105 wraz z naszym logo, czy kolorami z kt\u00f3rymi kojarzona jest nasza firma oraz dodatkowo takimi detalami. Wewn\u0105trz takiej strefy w du\u017cej liczbie przypadk\u00f3w ustawiane s\u0105 stoliki tak, aby osoby zainteresowane mog\u0142y spokojnie usi\u0105\u015b\u0107 , a ponadto porozmawia\u0107 z konsultantem. Bez w\u0105tpienia nikt \u017ceby nie chcia\u0142 sta\u0107 w kolejce i czeka\u0107 na sw\u00f3j czas, a to \u017ce dajemy im miejsce, a\u017ceby usi\u0105\u015b\u0107 \u015bwiadczy nale\u017cycie o naszej firmie.<\/p>\n","protected":false},"excerpt":{"rendered":"<p>W dzisiejszych czasach bardzo kilka firm musi aktywnie wylansowa\u0107 swoje produkty oraz dodatkowo us\u0142ugi. Aktualnie nie mo\u017cna ju\u017c tylko czeka\u0107 na klienta, niemniej jednak trzeba go aktywnie pozyskiwa\u0107. Jednym z takich mo\u017cliwo\u015bci mog\u0105 by\u0107 odpowiednie stoiska.<\/p>\n","protected":false},"author":1,"featured_media":0,"comment_status":"closed","ping_status":"closed","sticky":false,"template":"","format":"standard","meta":[],"categories":[1],"tags":[],"_links":{"self":[{"href":"http:\/\/warto.pageblogi.pl\/index.php?rest_route=\/wp\/v2\/posts\/957"}],"collection":[{"href":"http:\/\/warto.pageblogi.pl\/index.php?rest_route=\/wp\/v2\/posts"}],"about":[{"href":"http:\/\/warto.pageblogi.pl\/index.php?rest_route=\/wp\/v2\/types\/post"}],"author":[{"embeddable":true,"href":"http:\/\/warto.pageblogi.pl\/index.php?rest_route=\/wp\/v2\/users\/1"}],"replies":[{"embeddable":true,"href":"http:\/\/warto.pageblogi.pl\/index.php?rest_route=%2Fwp%2Fv2%2Fcomments&post=957"}],"version-history":[{"count":0,"href":"http:\/\/warto.pageblogi.pl\/index.php?rest_route=\/wp\/v2\/posts\/957\/revisions"}],"wp:attachment":[{"href":"http:\/\/warto.pageblogi.pl\/index.php?rest_route=%2Fwp%2Fv2%2Fmedia&parent=957"}],"wp:term":[{"taxonomy":"category","embeddable":true,"href":"http:\/\/warto.pageblogi.pl\/index.php?rest_route=%2Fwp%2Fv2%2Fcategories&post=957"},{"taxonomy":"post_tag","embeddable":true,"href":"http:\/\/warto.pageblogi.pl\/index.php?rest_route=%2Fwp%2Fv2%2Ftags&post=957"}],"curies":[{"name":"wp","href":"https:\/\/api.w.org\/{rel}","templated":true}]}}